{"id":4352,"date":"2022-05-04T12:40:28","date_gmt":"2022-05-04T12:40:28","guid":{"rendered":"http:\/\/concellodezas.org.185-176-9-81.185-176-9-81.visualpublinet.com\/?p=4352"},"modified":"2025-12-22T16:47:27","modified_gmt":"2025-12-22T15:47:27","slug":"400-deportistas-participan-no-campionato-galego-de-tenis-de-mesa-que-se-disputa-esta-fin-de-semana-no-pavillon-municipal-de-zas","status":"publish","type":"post","link":"https:\/\/concellodezas.gal\/es\/400-deportistas-participan-no-campionato-galego-de-tenis-de-mesa-que-se-disputa-esta-fin-de-semana-no-pavillon-municipal-de-zas\/","title":{"rendered":"400 deportistas participan no Campionato Galego de Tenis de Mesa que se disputa esta fin de semana no pavill\u00f3n municipal de Zas"},"content":{"rendered":"<p>O deputado de Patrimonio, Xos\u00e9 Lois Penas, o e alcalde de Zas, Manuel Mu\u00ed\u00f1o, realizaron esta ma\u00f1\u00e1 unha visita \u00e1 exposici\u00f3n de maquetas sobre o patrimonio galego que est\u00e1 instalada desde o pasado mes de abril nas\u00a0<a href=\"https:\/\/torresdoallo.gal\/es\/\">Torres do Allo<\/a>. Esta mostra, que re\u00fane 15 maquetas que reproducen patrimonio moi representativo do pa\u00eds, permanecer\u00e1 aberta ao p\u00fablico ata o mes de setembro. Ata mediados de xu\u00f1o pode visitarse nas fins de semana e durante o per\u00edodo estival poder\u00e1 visitarse de luns a domingo.<\/p>\n<p>&nbsp;<\/p>\n<p>\u201cPensamos que esta mostra \u00e9 unha forma l\u00fadica e atractiva de dar a co\u00f1ecer o noso patrimonio, e m\u00e1is a\u00ednda nun marco tan aca\u00eddo como son as Torres do Allo\u201d asegurou Xos\u00e9 Lois Penas tras a visita. O deputado de Patrimonio puxo en valor a oportunidade que ofrece \u201ccomo percorrido por diferentes enclaves emblem\u00e1ticos do noso territorio, mais tam\u00e9n da nosa histororia, nomeadamente do per\u00edodo medieval\u201d.<\/p>\n<p>&nbsp;<\/p>\n<p>Pola s\u00faa banda o alcalde de Zas, Manuel Mu\u00ed\u00f1o indicou que \u201cestou seguro que esta iniciativa vai sorprender a todos os visitantes que se acheguen durante estes meses \u00e1s Torres do Allo\u201d. Ademais, quixo salientar que \u201ca\u00ednda que todas as reproduci\u00f3ns son de monumentos moi co\u00f1ecidos, a min gustar\u00edame sinalar que incl\u00fae dous moi representativos do Cami\u00f1o, a Catedral de Santiago e o faro de Fisterra\u201d.<\/p>\n<p>&nbsp;<\/p>\n<p>Na visita tam\u00e9n participaron o concelleiro de Cultura de Zas, Jos\u00e9 Manuel Brenlla, e representantes da Asociaci\u00f3n Exin Castillos, Fran Guerra e Xurxo Barcala, entidade promotora da iniciativa. Exin Castillos, fora un xoguete moi popular na d\u00e9cada de 1980 que se baseaba na venda de pezas para constru\u00edr castelos medievais. En 2015, os membros da Asociaci\u00f3n Exin Castillos recuperaron a s\u00faa afecci\u00f3n e dedic\u00e1ronse a recrear os monumentos m\u00e1is reco\u00f1ecidos da cultura \u00a0cos mesmos xoguetes que usaban de cativos.<\/p>\n<p>&nbsp;<\/p>\n<p>Os monumentos da provincia da Coru\u00f1a que aparecen representados na mostra son o Faro de Fisterra, a Catedral de Santiago, o monumento aos M\u00e1rtires de Carral, a Torre de H\u00e9rcules, o Pazo de Meir\u00e1s, a igrexa de Santa Mar\u00eda de Cambre, o Torre\u00f3n dos Andrade e as Torres do Allo. No ver\u00e1n incorporarase o Castelo de Moeche \u2013 que est\u00e1 depositado permanentemente no propio Castelo de Moeche-. Tras a visita, o deputado de Patrimonio e a Asociaci\u00f3n Ex\u00edn Castillos falaron da posibilidade de incorporar \u00e1 colecci\u00f3n maquetas do Castelo de Vimianzo e do Mosteiro de Caaveiro.<\/p>\n","protected":false},"excerpt":{"rendered":"<p>O Presidente da Federaci\u00f3n Galega de Tenis de Mesa, membros do AD Tenis de Mesa de Zas e o Alcalde presentaron esta ma\u00f1\u00e1 a competici\u00f3n nun acto que tivo lugar no Sal\u00f3n de Plenos <\/p>\n","protected":false},"author":5,"featured_media":4354,"comment_status":"open","ping_status":"closed","sticky":false,"template":"","format":"standard","meta":{"slim_seo":{"title":"400 deportistas participan no Campionato Galego de Tenis de Mesa que se disputa esta fin de semana no pavill\u00f3n municipal de Zas - Concello de Zas","description":"O Presidente da Federaci\u00f3n Galega de Tenis de Mesa, membros do AD Tenis de Mesa de Zas e o Alcalde presentaron esta ma\u00f1\u00e1 a competici\u00f3n nun acto que tivo lugar n"},"footnotes":""},"categories":[10],"tags":[],"class_list":["post-4352","post","type-post","status-publish","format-standard","has-post-thumbnail","hentry","category-concello"],"_links":{"self":[{"href":"https:\/\/concellodezas.gal\/es\/wp-json\/wp\/v2\/posts\/4352","targetHints":{"allow":["GET"]}}],"collection":[{"href":"https:\/\/concellodezas.gal\/es\/wp-json\/wp\/v2\/posts"}],"about":[{"href":"https:\/\/concellodezas.gal\/es\/wp-json\/wp\/v2\/types\/post"}],"author":[{"embeddable":true,"href":"https:\/\/concellodezas.gal\/es\/wp-json\/wp\/v2\/users\/5"}],"replies":[{"embeddable":true,"href":"https:\/\/concellodezas.gal\/es\/wp-json\/wp\/v2\/comments?post=4352"}],"version-history":[{"count":1,"href":"https:\/\/concellodezas.gal\/es\/wp-json\/wp\/v2\/posts\/4352\/revisions"}],"predecessor-version":[{"id":29246,"href":"https:\/\/concellodezas.gal\/es\/wp-json\/wp\/v2\/posts\/4352\/revisions\/29246"}],"wp:featuredmedia":[{"embeddable":true,"href":"https:\/\/concellodezas.gal\/es\/wp-json\/wp\/v2\/media\/4354"}],"wp:attachment":[{"href":"https:\/\/concellodezas.gal\/es\/wp-json\/wp\/v2\/media?parent=4352"}],"wp:term":[{"taxonomy":"category","embeddable":true,"href":"https:\/\/concellodezas.gal\/es\/wp-json\/wp\/v2\/categories?post=4352"},{"taxonomy":"post_tag","embeddable":true,"href":"https:\/\/concellodezas.gal\/es\/wp-json\/wp\/v2\/tags?post=4352"}],"curies":[{"name":"wp","href":"https:\/\/api.w.org\/{rel}","templated":true}]}}