{"id":30786,"date":"2026-05-02T08:00:00","date_gmt":"2026-05-02T06:00:00","guid":{"rendered":"https:\/\/concellodezas.gal\/?p=30786"},"modified":"2026-05-02T09:01:07","modified_gmt":"2026-05-02T07:01:07","slug":"o-centro-sociocultural-de-baio-acollera-a-exposicion-cores-da-alma-do-artista-jose-maynat","status":"publish","type":"post","link":"https:\/\/concellodezas.gal\/es\/o-centro-sociocultural-de-baio-acollera-a-exposicion-cores-da-alma-do-artista-jose-maynat\/","title":{"rendered":"O Centro Sociocultural de Baio acoller\u00e1 a exposici\u00f3n \u2018Cores da alma\u2019 do artista Jos\u00e9 Maynat"},"content":{"rendered":"\n<p>O Concello de Zas acoller\u00e1 a partir do vindeiro luns, 4 de maio, a exposici\u00f3n \u2018Cores da alma\u2019, unha mostra do artista catal\u00e1n Jos\u00e9 Maynat na que tam\u00e9n participa o seu fillo, Josep Maynat, con cinco acuarelas.<\/p>\n\n\n\n<p>A exposici\u00f3n prop\u00f3n un percorrido art\u00edstico no que a cor \u00e9 a gran protagonista, dando lugar a obras nas que os tons cobran vida e se fusionan coa arte das letras, creando unha experiencia est\u00e9tica singular. A inauguraci\u00f3n ter\u00e1 lugar o luns 4 de maio \u00e1s 17:00 horas no Centro Sociocultural de Baio.<\/p>\n\n\n\n<p>A mostra poder\u00e1 visitarse de xeito gratu\u00edto ata o 30 de maio, en horario de martes a venres de 15:30 a 20:30 horas, e os s\u00e1bados de 10:00 a 14:00 horas. Esta ser\u00e1 ademais a \u00faltima exposici\u00f3n deste ciclo cultural, que se pecha agora no mes de maio. A programaci\u00f3n retomarse en outubro cun novo ciclo, para o que o Concello xa ten confirmadas exposici\u00f3ns ata maio de 2027.<\/p>\n\n\n\n<p>O alcalde de Zas, Manuel Mu\u00ed\u00f1o, destacou a importancia desta proposta cultural, explicando que \u201c\u00e9 unha satisfacci\u00f3n poder achegar ao noso concello propostas art\u00edsticas de calidade como esta\u201d. Mu\u00ed\u00f1o engadiu tam\u00e9n que \u201cdesde o Concello seguimos apostando pola cultura como motor de dinamizaci\u00f3n social e como unha ferramenta fundamental para enriquecer a vida da nosa veci\u00f1anza\u201d.<\/p>\n\n\n\n<p>Jos\u00e9 Antonio Maynat D\u00edaz (Canet de Mar, Barcelona, 1963) \u00e9 un artista pl\u00e1stico cunha ampla traxectoria que combina a s\u00faa actividade pict\u00f3rica coa creaci\u00f3n literaria. \u00c9 autor de diversas publicaci\u00f3ns, entre as que destacan \u2018Historia dels Escacs a Canet de Mar 1943\u20132011\u2019, \u2018Cuentos cortos. El drac que li agradava jugar a escacs\u2019 e \u2018Dos culturas, una misma huella\u2019, esta \u00faltima en colaboraci\u00f3n coa escritora mexicana Ang\u00e9lica Dom\u00ednguez.<\/p>\n\n\n\n<p>Ao longo da s\u00faa carreira participou en numerosos eventos literarios e art\u00edsticos, como a \u201cTarde literaria. M\u00e1s all\u00e1 del silencio, Amada Libertad\u201d, organizada polo Consulado Xeral de El Salvador en Mil\u00e1n, e foi reco\u00f1ecido en 2017 co segundo premio no Concurso Internacional de Poes\u00eda, Prosa e Arte Figurativa La Fen\u00eatre \u00c9terea de Mil\u00e1n.<\/p>\n\n\n\n<p>No \u00e1mbito expositivo, conta con m\u00faltiples mostras individuais en espazos culturais de Canet de Mar, Arenys de Munt e Arenys de Mar, as\u00ed como unha destacada presenza en exposici\u00f3ns colectivas de car\u00e1cter internacional en Europa e Am\u00e9rica.<\/p>\n","protected":false},"excerpt":{"rendered":"<p>O Concello de Zas acoller\u00e1 a partir do vindeiro luns, 4 de maio, a exposici\u00f3n \u2018Cores da alma\u2019, unha mostra do artista catal\u00e1n Jos\u00e9 Maynat na que tam\u00e9n participa o seu fillo, Josep Maynat, con cinco acuarelas. A exposici\u00f3n prop\u00f3n un percorrido art\u00edstico no que a cor \u00e9 a gran protagonista, dando lugar a obras [&hellip;]<\/p>\n","protected":false},"author":5,"featured_media":30790,"comment_status":"open","ping_status":"closed","sticky":false,"template":"","format":"standard","meta":{"slim_seo":{"title":"O Centro Sociocultural de Baio acoller\u00e1 a exposici\u00f3n \u2018Cores da alma\u2019 do artista Jos\u00e9 Maynat - Concello de Zas","description":"O Concello de Zas acoller\u00e1 a partir do vindeiro luns, 4 de maio, a exposici\u00f3n \u2018Cores da alma\u2019, unha mostra do artista catal\u00e1n Jos\u00e9 Maynat na que tam\u00e9n participa"},"footnotes":""},"categories":[10,413],"tags":[],"class_list":["post-30786","post","type-post","status-publish","format-standard","has-post-thumbnail","hentry","category-concello","category-cultura-e-deportes"],"_links":{"self":[{"href":"https:\/\/concellodezas.gal\/es\/wp-json\/wp\/v2\/posts\/30786","targetHints":{"allow":["GET"]}}],"collection":[{"href":"https:\/\/concellodezas.gal\/es\/wp-json\/wp\/v2\/posts"}],"about":[{"href":"https:\/\/concellodezas.gal\/es\/wp-json\/wp\/v2\/types\/post"}],"author":[{"embeddable":true,"href":"https:\/\/concellodezas.gal\/es\/wp-json\/wp\/v2\/users\/5"}],"replies":[{"embeddable":true,"href":"https:\/\/concellodezas.gal\/es\/wp-json\/wp\/v2\/comments?post=30786"}],"version-history":[{"count":1,"href":"https:\/\/concellodezas.gal\/es\/wp-json\/wp\/v2\/posts\/30786\/revisions"}],"predecessor-version":[{"id":30788,"href":"https:\/\/concellodezas.gal\/es\/wp-json\/wp\/v2\/posts\/30786\/revisions\/30788"}],"wp:featuredmedia":[{"embeddable":true,"href":"https:\/\/concellodezas.gal\/es\/wp-json\/wp\/v2\/media\/30790"}],"wp:attachment":[{"href":"https:\/\/concellodezas.gal\/es\/wp-json\/wp\/v2\/media?parent=30786"}],"wp:term":[{"taxonomy":"category","embeddable":true,"href":"https:\/\/concellodezas.gal\/es\/wp-json\/wp\/v2\/categories?post=30786"},{"taxonomy":"post_tag","embeddable":true,"href":"https:\/\/concellodezas.gal\/es\/wp-json\/wp\/v2\/tags?post=30786"}],"curies":[{"name":"wp","href":"https:\/\/api.w.org\/{rel}","templated":true}]}}