{"id":30783,"date":"2026-05-03T08:00:00","date_gmt":"2026-05-03T06:00:00","guid":{"rendered":"https:\/\/concellodezas.gal\/?p=30783"},"modified":"2026-04-30T16:27:06","modified_gmt":"2026-04-30T14:27:06","slug":"o-concello-de-zas-impulsa-o-comercio-local-e-a-cultura-coa-celebracion-da-feira-das-letras","status":"publish","type":"post","link":"https:\/\/concellodezas.gal\/es\/o-concello-de-zas-impulsa-o-comercio-local-e-a-cultura-coa-celebracion-da-feira-das-letras\/","title":{"rendered":"O Concello de Zas impulsa o comercio local e a cultura coa celebraci\u00f3n da Feira das Letras"},"content":{"rendered":"\n<p>O Concello de Zas, en colaboraci\u00f3n coa Asociaci\u00f3n BaiOn, organiza a Feira das Letras, que se celebrar\u00e1 do venres 8 ao domingo 10 de maio cun dobre obxectivo; impulsar o comercio local e fomentar a cultura entre a veci\u00f1anza.<\/p>\n\n\n\n<p>Durante estas tres xornadas, os establecementos adheridos ofrecer\u00e1n descontos de ata o 20% en horario de 10:00 a 14:00 e de 16:00 a 21:00 horas. Ademais, haber\u00e1 unha ruta de tapas de 12:00 a 16:00 e de 19:00 a 23:00 horas, reforzando a dinamizaci\u00f3n econ\u00f3mica e social do municipio.<\/p>\n\n\n\n<p>A Feira das Letras tam\u00e9n contar\u00e1 cunha variada programaci\u00f3n de actividades, que ter\u00e1n lugar o s\u00e1bado e o domingo na praza Jorge Mira, ag\u00e1s as charangas e pasarr\u00faas, que ser\u00e1n itinerantes polas r\u00faas.<\/p>\n\n\n\n<p>O alcalde de Zas, Manuel Mu\u00ed\u00f1o, subli\u00f1ou que \u201ca Feira das Letras nace coa vontade de apoiar o noso tecido comercial ao tempo que promovemos a cultura como piar fundamental da sociedade\u201d. Ademais, destacou que \u201c\u00e9 unha iniciativa pensada para todos os p\u00fablicos, que combina lecer, cultura e dinamizaci\u00f3n econ\u00f3mica, convertendo Zas nun punto de encontro durante toda a fin de semana\u201d.<\/p>\n\n\n\n<p><strong>Programaci\u00f3n da fin de semana<\/strong><\/p>\n\n\n\n<p>O s\u00e1bado 9 de maio dar\u00e1 comezo a actividade coa apertura da carpa da Feira das Letras \u00e1s 11:30 horas. \u00c1s 12:00 ter\u00e1 lugar a presentaci\u00f3n do libro \u2018Bego\u00f1a Caama\u00f1o\u2019, de Ic\u00eda Varela, Xos\u00e9 Manuel Varela e Nerea G\u00f3mez. Pola tarde, de 16:30 a 20:30 horas, haber\u00e1 actividades infant\u00eds con roc\u00f3dromo, tirolina e inchables. \u00c1s 18:00 horas animar\u00e1 as r\u00faas a Charanga Os Celtas, mentres que \u00e1s 20:00 horas ser\u00e1 a presentaci\u00f3n do libro \u2018Gorri\u00f3ns e Falc\u00f3ns\u2019, de Carmen Blanco Sanjurjo. A xornada pecharase \u00e1s 21:00 coa proxecci\u00f3n da pel\u00edcula \u2018San Sim\u00f3n\u2019, finalista dos premios Mestre Mateo.<\/p>\n\n\n\n<p>O domingo 10 de maio a programaci\u00f3n iniciarase \u00e1s 11:30 horas coa apertura da carpa. \u00c1s 12:00 ter\u00e1 lugar un pasarr\u00faas con Chur\u00eda e AC Adro, as\u00ed como un encontro sobre memoria hist\u00f3rica titulado \u2018Represi\u00f3n e franquismo na Costa da Morte\u2019, no que participar\u00e1n Luis Lamela e Josefa Su\u00e1rez, moderado polo alcalde de Zas. A continuaci\u00f3n, \u00e1s 13:00 horas, o Mago Ant\u00f3n ofrecer\u00e1 o espect\u00e1culo \u2018Mil Maxias M\u00e1is\u2019. Pola tarde repetirase a oferta de actividades infant\u00eds e haber\u00e1 novos pases do Mago Ant\u00f3n, as\u00ed como a animaci\u00f3n da charanga Os Atrevidos. \u00c1s 18:00 horas presentarase o libro infantil e xuvenil \u2018O mapa da t\u00faa sexualidade\u2019, de Laura Veiga.<\/p>\n","protected":false},"excerpt":{"rendered":"<p>O Concello de Zas, en colaboraci\u00f3n coa Asociaci\u00f3n BaiOn, organiza a Feira das Letras, que se celebrar\u00e1 do venres 8 ao domingo 10 de maio cun dobre obxectivo; impulsar o comercio local e fomentar a cultura entre a veci\u00f1anza. Durante estas tres xornadas, os establecementos adheridos ofrecer\u00e1n descontos de ata o 20% en horario de [&hellip;]<\/p>\n","protected":false},"author":5,"featured_media":30784,"comment_status":"open","ping_status":"closed","sticky":false,"template":"","format":"standard","meta":{"slim_seo":{"title":"O Concello de Zas impulsa o comercio local e a cultura coa celebraci\u00f3n da Feira das Letras - Concello de Zas","description":"O Concello de Zas, en colaboraci\u00f3n coa Asociaci\u00f3n BaiOn, organiza a Feira das Letras, que se celebrar\u00e1 do venres 8 ao domingo 10 de maio cun dobre obxectivo; im"},"footnotes":""},"categories":[10,413],"tags":[],"class_list":["post-30783","post","type-post","status-publish","format-standard","has-post-thumbnail","hentry","category-concello","category-cultura-e-deportes"],"_links":{"self":[{"href":"https:\/\/concellodezas.gal\/es\/wp-json\/wp\/v2\/posts\/30783","targetHints":{"allow":["GET"]}}],"collection":[{"href":"https:\/\/concellodezas.gal\/es\/wp-json\/wp\/v2\/posts"}],"about":[{"href":"https:\/\/concellodezas.gal\/es\/wp-json\/wp\/v2\/types\/post"}],"author":[{"embeddable":true,"href":"https:\/\/concellodezas.gal\/es\/wp-json\/wp\/v2\/users\/5"}],"replies":[{"embeddable":true,"href":"https:\/\/concellodezas.gal\/es\/wp-json\/wp\/v2\/comments?post=30783"}],"version-history":[{"count":1,"href":"https:\/\/concellodezas.gal\/es\/wp-json\/wp\/v2\/posts\/30783\/revisions"}],"predecessor-version":[{"id":30785,"href":"https:\/\/concellodezas.gal\/es\/wp-json\/wp\/v2\/posts\/30783\/revisions\/30785"}],"wp:featuredmedia":[{"embeddable":true,"href":"https:\/\/concellodezas.gal\/es\/wp-json\/wp\/v2\/media\/30784"}],"wp:attachment":[{"href":"https:\/\/concellodezas.gal\/es\/wp-json\/wp\/v2\/media?parent=30783"}],"wp:term":[{"taxonomy":"category","embeddable":true,"href":"https:\/\/concellodezas.gal\/es\/wp-json\/wp\/v2\/categories?post=30783"},{"taxonomy":"post_tag","embeddable":true,"href":"https:\/\/concellodezas.gal\/es\/wp-json\/wp\/v2\/tags?post=30783"}],"curies":[{"name":"wp","href":"https:\/\/api.w.org\/{rel}","templated":true}]}}