{"id":30630,"date":"2026-03-14T08:00:00","date_gmt":"2026-03-14T07:00:00","guid":{"rendered":"https:\/\/concellodezas.gal\/?p=30630"},"modified":"2026-03-13T17:16:29","modified_gmt":"2026-03-13T16:16:29","slug":"zas-aproba-definitivamente-a-rpt-que-permitira-unha-xestion-mais-eficiente-do-persoal-municipal","status":"publish","type":"post","link":"https:\/\/concellodezas.gal\/es\/zas-aproba-definitivamente-a-rpt-que-permitira-unha-xestion-mais-eficiente-do-persoal-municipal\/","title":{"rendered":"Zas aproba definitivamente a RPT, que permitir\u00e1 unha xesti\u00f3n m\u00e1is eficiente do persoal municipal"},"content":{"rendered":"\n<p>O Concello de Zas aprobou definitivamente a Relaci\u00f3n de Postos de Traballo (RPT) do persoal municipal, un documento clave para a ordenaci\u00f3n, planificaci\u00f3n e racionalizaci\u00f3n dos recursos humanos da administraci\u00f3n local.<\/p>\n\n\n\n<p>A aprobaci\u00f3n definitiva da RPT sa\u00edu adiante cos votos a favor do grupo de goberno, o BNG, e as abstenci\u00f3ns do PP e do PSOE. Durante o proceso de exposici\u00f3n p\u00fablica present\u00e1ronse catro alegaci\u00f3ns por parte de traballadores municipais: tres delas foron rexeitadas e unha foi estimada parcialmente.<\/p>\n\n\n\n<p>A RPT \u00e9 o resultado dun proceso de negociaci\u00f3n sindical no que participou Comisiones Obreras, \u00fanico sindicato que presentou propostas e que apoiou o documento final.<\/p>\n\n\n\n<p>A aprobaci\u00f3n deste instrumento sup\u00f3n a actualizaci\u00f3n e redefinici\u00f3n das funci\u00f3ns dos distintos postos de traballo, adecu\u00e1ndoos \u00e1 realidade normativa, organizativa e funcional da entidade local, as\u00ed como a creaci\u00f3n de novos postos que permitir\u00e1n reforzar e mellorar a prestaci\u00f3n dos servizos p\u00fablicos \u00e1 veci\u00f1anza.<\/p>\n\n\n\n<p>Ademais, a nova RPT incl\u00fae unha actualizaci\u00f3n retributiva que sup\u00f3n un incremento salarial para o conxunto do persoal municipal. Segundo o acordo alcanzado, esta mellora ter\u00e1 efectos econ\u00f3micos con car\u00e1cter retroactivo desde o 1 de xaneiro.<\/p>\n\n\n\n<p>Con esta decisi\u00f3n, o Concello de Zas sit\u00faase na li\u00f1a doutros concellos que xa contan cunha Relaci\u00f3n de Postos de Traballo actualizada, dando un paso decisivo cara a unha xesti\u00f3n m\u00e1is eficiente, transparente e profesionalizada do persoal municipal, consolidando unha estrutura administrativa acorde cos principios de estabilidade, equidade e calidade no emprego p\u00fablico.<\/p>\n\n\n\n<p>O alcalde de Zas, Manuel Mu\u00ed\u00f1o, destacou a importancia deste paso para a organizaci\u00f3n municipal: \u201cA aprobaci\u00f3n definitiva da RPT sup\u00f3n un fito importante para o Concello de Zas. Tr\u00e1tase dunha ferramenta fundamental para ordenar o funcionamento interno da administraci\u00f3n e garantir unha mellor prestaci\u00f3n dos servizos p\u00fablicos \u00e1 nosa veci\u00f1anza\u201d.<\/p>\n\n\n\n<p>Mu\u00ed\u00f1o tam\u00e9n subli\u00f1ou que \u201ceste documento \u00e9 froito dun proceso de di\u00e1logo e traballo t\u00e9cnico que nos permite avanzar cara a unha administraci\u00f3n local m\u00e1is moderna, m\u00e1is eficiente e mellor preparada para afrontar os retos presentes e futuros\u201d.<\/p>\n","protected":false},"excerpt":{"rendered":"<p>O Concello de Zas aprobou definitivamente a Relaci\u00f3n de Postos de Traballo (RPT) do persoal municipal, un documento clave para a ordenaci\u00f3n, planificaci\u00f3n e racionalizaci\u00f3n dos recursos humanos da administraci\u00f3n local. A aprobaci\u00f3n definitiva da RPT sa\u00edu adiante cos votos a favor do grupo de goberno, o BNG, e as abstenci\u00f3ns do PP e do [&hellip;]<\/p>\n","protected":false},"author":5,"featured_media":30631,"comment_status":"open","ping_status":"closed","sticky":false,"template":"","format":"standard","meta":{"slim_seo":{"title":"Zas aproba definitivamente a RPT, que permitir\u00e1 unha xesti\u00f3n m\u00e1is eficiente do persoal municipal - Concello de Zas","description":"O Concello de Zas aprobou definitivamente a Relaci\u00f3n de Postos de Traballo (RPT) do persoal municipal, un documento clave para a ordenaci\u00f3n, planificaci\u00f3n e rac"},"footnotes":""},"categories":[10,414],"tags":[],"class_list":["post-30630","post","type-post","status-publish","format-standard","has-post-thumbnail","hentry","category-concello","category-emprego"],"_links":{"self":[{"href":"https:\/\/concellodezas.gal\/es\/wp-json\/wp\/v2\/posts\/30630","targetHints":{"allow":["GET"]}}],"collection":[{"href":"https:\/\/concellodezas.gal\/es\/wp-json\/wp\/v2\/posts"}],"about":[{"href":"https:\/\/concellodezas.gal\/es\/wp-json\/wp\/v2\/types\/post"}],"author":[{"embeddable":true,"href":"https:\/\/concellodezas.gal\/es\/wp-json\/wp\/v2\/users\/5"}],"replies":[{"embeddable":true,"href":"https:\/\/concellodezas.gal\/es\/wp-json\/wp\/v2\/comments?post=30630"}],"version-history":[{"count":1,"href":"https:\/\/concellodezas.gal\/es\/wp-json\/wp\/v2\/posts\/30630\/revisions"}],"predecessor-version":[{"id":30632,"href":"https:\/\/concellodezas.gal\/es\/wp-json\/wp\/v2\/posts\/30630\/revisions\/30632"}],"wp:featuredmedia":[{"embeddable":true,"href":"https:\/\/concellodezas.gal\/es\/wp-json\/wp\/v2\/media\/30631"}],"wp:attachment":[{"href":"https:\/\/concellodezas.gal\/es\/wp-json\/wp\/v2\/media?parent=30630"}],"wp:term":[{"taxonomy":"category","embeddable":true,"href":"https:\/\/concellodezas.gal\/es\/wp-json\/wp\/v2\/categories?post=30630"},{"taxonomy":"post_tag","embeddable":true,"href":"https:\/\/concellodezas.gal\/es\/wp-json\/wp\/v2\/tags?post=30630"}],"curies":[{"name":"wp","href":"https:\/\/api.w.org\/{rel}","templated":true}]}}