{"id":30574,"date":"2026-02-26T17:28:51","date_gmt":"2026-02-26T16:28:51","guid":{"rendered":"https:\/\/concellodezas.gal\/?p=30574"},"modified":"2026-02-26T17:37:52","modified_gmt":"2026-02-26T16:37:52","slug":"presentacion-da-campana-da-velutina","status":"publish","type":"post","link":"https:\/\/concellodezas.gal\/es\/presentacion-da-campana-da-velutina\/","title":{"rendered":"Presentaci\u00f3n campa\u00f1a da velutina"},"content":{"rendered":"\n<p><strong>O Centro Sociocultural de Zas acoller\u00e1 o vindeiro venres, 6 de marzo, a partir das 12:00 h, o presentaci\u00f3n da campa\u00f1a contra a vespa velutina. <\/strong><\/p>\n\n\n\n<p>No acto realizarase unha exposici\u00f3n de datos e balance da campa\u00f1a anterior, an\u00e1lise da situaci\u00f3n actual da velutina, as\u00ed como tam\u00e9n levarase a cabo a entrega de trampas e atraente para as persoas interesadas. <\/p>\n\n\n\n<p>Esta xornada estar\u00e1 aberta a toda a veci\u00f1anza.<\/p>\n\n\n\n<figure class=\"wp-block-image size-large\"><img fetchpriority=\"high\" decoding=\"async\" width=\"819\" height=\"1024\" src=\"https:\/\/concellodezas.gal\/wp-content\/uploads\/2026\/02\/WhatsApp-Image-2026-02-26-at-14.52.05-819x1024.jpeg\" alt=\"campa\u00f1a vespa velutina\" class=\"wp-image-30575\" srcset=\"https:\/\/concellodezas.gal\/wp-content\/uploads\/2026\/02\/WhatsApp-Image-2026-02-26-at-14.52.05-819x1024.jpeg 819w, https:\/\/concellodezas.gal\/wp-content\/uploads\/2026\/02\/WhatsApp-Image-2026-02-26-at-14.52.05-240x300.jpeg 240w, https:\/\/concellodezas.gal\/wp-content\/uploads\/2026\/02\/WhatsApp-Image-2026-02-26-at-14.52.05-768x960.jpeg 768w, https:\/\/concellodezas.gal\/wp-content\/uploads\/2026\/02\/WhatsApp-Image-2026-02-26-at-14.52.05.jpeg 1080w\" sizes=\"(max-width: 819px) 100vw, 819px\" \/><\/figure>\n","protected":false},"excerpt":{"rendered":"<p>O Centro Sociocultural de Zas acoller\u00e1 o vindeiro venres, 6 de marzo, a partir das 12:00 h, o presentaci\u00f3n da campa\u00f1a contra a vespa velutina. No acto realizarase unha exposici\u00f3n de datos e balance da campa\u00f1a anterior, an\u00e1lise da situaci\u00f3n actual da velutina, as\u00ed como tam\u00e9n levarase a cabo a entrega de trampas e atraente [&hellip;]<\/p>\n","protected":false},"author":5,"featured_media":30575,"comment_status":"open","ping_status":"closed","sticky":false,"template":"","format":"standard","meta":{"slim_seo":{"title":"Presentaci\u00f3n campa\u00f1a da velutina - Concello de Zas","description":"O Centro Sociocultural de Zas acoller\u00e1 o vindeiro venres, 6 de marzo, a partir das 12:00 h, o presentaci\u00f3n da campa\u00f1a contra a vespa velutina. No acto realizara"},"footnotes":""},"categories":[10],"tags":[],"class_list":["post-30574","post","type-post","status-publish","format-standard","has-post-thumbnail","hentry","category-concello"],"_links":{"self":[{"href":"https:\/\/concellodezas.gal\/es\/wp-json\/wp\/v2\/posts\/30574","targetHints":{"allow":["GET"]}}],"collection":[{"href":"https:\/\/concellodezas.gal\/es\/wp-json\/wp\/v2\/posts"}],"about":[{"href":"https:\/\/concellodezas.gal\/es\/wp-json\/wp\/v2\/types\/post"}],"author":[{"embeddable":true,"href":"https:\/\/concellodezas.gal\/es\/wp-json\/wp\/v2\/users\/5"}],"replies":[{"embeddable":true,"href":"https:\/\/concellodezas.gal\/es\/wp-json\/wp\/v2\/comments?post=30574"}],"version-history":[{"count":2,"href":"https:\/\/concellodezas.gal\/es\/wp-json\/wp\/v2\/posts\/30574\/revisions"}],"predecessor-version":[{"id":30580,"href":"https:\/\/concellodezas.gal\/es\/wp-json\/wp\/v2\/posts\/30574\/revisions\/30580"}],"wp:featuredmedia":[{"embeddable":true,"href":"https:\/\/concellodezas.gal\/es\/wp-json\/wp\/v2\/media\/30575"}],"wp:attachment":[{"href":"https:\/\/concellodezas.gal\/es\/wp-json\/wp\/v2\/media?parent=30574"}],"wp:term":[{"taxonomy":"category","embeddable":true,"href":"https:\/\/concellodezas.gal\/es\/wp-json\/wp\/v2\/categories?post=30574"},{"taxonomy":"post_tag","embeddable":true,"href":"https:\/\/concellodezas.gal\/es\/wp-json\/wp\/v2\/tags?post=30574"}],"curies":[{"name":"wp","href":"https:\/\/api.w.org\/{rel}","templated":true}]}}