{"id":30340,"date":"2026-02-11T13:12:26","date_gmt":"2026-02-11T12:12:26","guid":{"rendered":"https:\/\/concellodezas.gal\/?p=30340"},"modified":"2026-02-11T13:12:27","modified_gmt":"2026-02-11T12:12:27","slug":"zas-inaugura-a-oitava-edicion-do-programa-da-universidade-senior-da-udc-na-costa-da-morte-con-mais-de-80-participantes","status":"publish","type":"post","link":"https:\/\/concellodezas.gal\/es\/zas-inaugura-a-oitava-edicion-do-programa-da-universidade-senior-da-udc-na-costa-da-morte-con-mais-de-80-participantes\/","title":{"rendered":"Zas inaugura a oitava edici\u00f3n do programa da Universidade S\u00e9nior da UDC na Costa da Morte con m\u00e1is de 80 participantes"},"content":{"rendered":"\n<p>O Centro Sociocultural de Baio acolleu onte, martes 10 de febreiro, a presentaci\u00f3n da 8\u00aa edici\u00f3n do Programa de Democratizaci\u00f3n do Co\u00f1ecemento da Universidade S\u00e9nior da Universidade da Coru\u00f1a (UDC), unha iniciativa formativa dirixida a persoas maiores de 50 anos da Costa da Morte.<\/p>\n\n\n\n<p>Zas foi o primeiro concello da comarca en contar con este programa, que ata ese momento s\u00f3 se impart\u00eda nas cidades da Coru\u00f1a e Ferrol, consolid\u00e1ndose como referente na extensi\u00f3n da formaci\u00f3n universitaria ao rural. Nesta nova edici\u00f3n, 81 persoas participan nesta proposta educativa, procedentes dos concellos de Cabana de Berganti\u00f1os, Coristanco, Laxe, Vimianzo e Zas.<\/p>\n\n\n\n<p>O programa estrut\u00farase en tres m\u00f3dulos compostos por sesi\u00f3ns te\u00f3ricas impartidas por profesorado da UDC. As actividades celebraranse dous d\u00edas \u00e1 semana, en horario de 17:00 a 19:00 horas, e abordar\u00e1n unha ampla variedade de tem\u00e1ticas de interese social, cultural, cient\u00edfico e sanitario.<\/p>\n\n\n\n<p>Ao acto de inauguraci\u00f3n asistiron a directora da Universidade S\u00e9nior, Matilde Garc\u00eda; a adxunta \u00e1 direcci\u00f3n, Susana Iglesias; e o alcalde de Zas e presidente do GDR Costa da Morte, Manuel Mu\u00ed\u00f1o.<\/p>\n\n\n\n<p>Durante a s\u00faa intervenci\u00f3n, Matilde Garc\u00eda destacou \u201co valor moi especial deste proxecto\u201d, sinalando que \u201ccada vez hai m\u00e1is interese, o que demostra que o programa ten futuro\u201d. A directora quixo agradecer especialmente \u201cas axudas dos concellos, neste caso a do Concello de Zas, xa que colaboran financeiramente dun xeito moi importante; o apoio econ\u00f3mico \u00e9 fundamental\u201d, as\u00ed como a implicaci\u00f3n e disposici\u00f3n do alcalde.<\/p>\n\n\n\n<p>Pola s\u00faa parte, Manuel Mu\u00ed\u00f1o puxo en valor a elevada participaci\u00f3n nesta edici\u00f3n: \u201c81 persoas aqu\u00ed \u00e9 un \u00e9xito; temos que ter en conta que n\u00f3s temos 4.200 habitantes. Por exemplo, Betanzos ten 120 alumnos con 13.000 habitantes; para igualarnos a n\u00f3s ter\u00edan que ter 240 asistentes, por po\u00f1er en valor a magnitude e o \u00e9xito que temos aqu\u00ed\u201d.<\/p>\n\n\n\n<p>O rexedor lembrou tam\u00e9n os inicios do programa na comarca: \u201cCando empezamos isto soaba moi dif\u00edcil, como que ti\u00f1a que estar na Coru\u00f1a ou en Santiago, e hoxe en d\u00eda est\u00e1 aqu\u00ed e en moitos outros concellos\u201d, po\u00f1endo en valor todo o esforzo e o traballo realizado ao longo dos anos nesta iniciativa, que xa \u00e9 toda unha realidade.<\/p>\n","protected":false},"excerpt":{"rendered":"<p>O Centro Sociocultural de Baio acolleu onte, martes 10 de febreiro, a presentaci\u00f3n da 8\u00aa edici\u00f3n do Programa de Democratizaci\u00f3n do Co\u00f1ecemento da Universidade S\u00e9nior da Universidade da Coru\u00f1a (UDC), unha iniciativa formativa dirixida a persoas maiores de 50 anos da Costa da Morte. Zas foi o primeiro concello da comarca en contar con este [&hellip;]<\/p>\n","protected":false},"author":5,"featured_media":30341,"comment_status":"open","ping_status":"closed","sticky":false,"template":"","format":"standard","meta":{"slim_seo":{"title":"Zas inaugura a oitava edici\u00f3n do programa da Universidade S\u00e9nior da UDC na Costa da Morte con m\u00e1is de 80 participantes - Concello de Zas","description":"O Centro Sociocultural de Baio acolleu onte, martes 10 de febreiro, a presentaci\u00f3n da 8\u00aa edici\u00f3n do Programa de Democratizaci\u00f3n do Co\u00f1ecemento da Universidade S"},"footnotes":""},"categories":[10,413],"tags":[],"class_list":["post-30340","post","type-post","status-publish","format-standard","has-post-thumbnail","hentry","category-concello","category-cultura-e-deportes"],"_links":{"self":[{"href":"https:\/\/concellodezas.gal\/es\/wp-json\/wp\/v2\/posts\/30340","targetHints":{"allow":["GET"]}}],"collection":[{"href":"https:\/\/concellodezas.gal\/es\/wp-json\/wp\/v2\/posts"}],"about":[{"href":"https:\/\/concellodezas.gal\/es\/wp-json\/wp\/v2\/types\/post"}],"author":[{"embeddable":true,"href":"https:\/\/concellodezas.gal\/es\/wp-json\/wp\/v2\/users\/5"}],"replies":[{"embeddable":true,"href":"https:\/\/concellodezas.gal\/es\/wp-json\/wp\/v2\/comments?post=30340"}],"version-history":[{"count":1,"href":"https:\/\/concellodezas.gal\/es\/wp-json\/wp\/v2\/posts\/30340\/revisions"}],"predecessor-version":[{"id":30342,"href":"https:\/\/concellodezas.gal\/es\/wp-json\/wp\/v2\/posts\/30340\/revisions\/30342"}],"wp:featuredmedia":[{"embeddable":true,"href":"https:\/\/concellodezas.gal\/es\/wp-json\/wp\/v2\/media\/30341"}],"wp:attachment":[{"href":"https:\/\/concellodezas.gal\/es\/wp-json\/wp\/v2\/media?parent=30340"}],"wp:term":[{"taxonomy":"category","embeddable":true,"href":"https:\/\/concellodezas.gal\/es\/wp-json\/wp\/v2\/categories?post=30340"},{"taxonomy":"post_tag","embeddable":true,"href":"https:\/\/concellodezas.gal\/es\/wp-json\/wp\/v2\/tags?post=30340"}],"curies":[{"name":"wp","href":"https:\/\/api.w.org\/{rel}","templated":true}]}}