{"id":30115,"date":"2025-12-10T12:14:28","date_gmt":"2025-12-10T11:14:28","guid":{"rendered":"https:\/\/concellodezas.gal\/zas-avanza-no-seu-parque-cientifico-e-tecnoloxico-o-primeiro-impulsado-integramente-por-un-concello\/"},"modified":"2026-01-16T07:59:38","modified_gmt":"2026-01-16T06:59:38","slug":"zas-avanza-no-seu-parque-cientifico-e-tecnoloxico-o-primeiro-impulsado-integramente-por-un-concello","status":"publish","type":"post","link":"https:\/\/concellodezas.gal\/es\/zas-avanza-no-seu-parque-cientifico-e-tecnoloxico-o-primeiro-impulsado-integramente-por-un-concello\/","title":{"rendered":"Zas avanza no seu Parque Cient\u00edfico e Tecnol\u00f3xico, o primeiro impulsado integramente por un concello"},"content":{"rendered":"<p><span class=\"Apple-converted-space\">\u00a0<\/span>O Concello de Zas deu hoxe un novo paso decisivo cara \u00e1 creaci\u00f3n do seu Parque Cient\u00edfico e Tecnol\u00f3xico, o primeiro impulsado integramente por un concello na provincia da Coru\u00f1a e o primeiro de car\u00e1cter municipal en toda Galicia. A iniciativa situar\u00e1 ao municipio como referente de innovaci\u00f3n no norte da comunidade, ao non existir unha infraestrutura similar en toda a provincia.<span class=\"Apple-converted-space\">\u00a0<\/span><\/p>\n<p>Con motivo deste proxecto, no que colabora a Universidade da Coru\u00f1a, esta ma\u00f1\u00e1 celebrouse unha rolda de prensa na Casa do Concello coa presenza do alcalde, Manuel Mu\u00ed\u00f1o, para recibir ao director de I+D+i de Emalcsa, Ricardo V\u00e1zquez; ao director xerente da Fundaci\u00f3n Universidade da Coru\u00f1a, Juan Jos\u00e9 G\u00f3mez; e ao director adxunto da mesma entidade, Braulio P\u00e9rez. Previamente, o representante de Emalcsa asinou no Libro de Honra do Concello como fixeron no seu d\u00eda o resto das autoridades participantes.<span class=\"Apple-converted-space\">\u00a0<\/span><\/p>\n<p>Na rolda de prensa, Mu\u00ed\u00f1o explicou que xa existen contactos con empresas interesadas en instalarse no novo parque, procedentes dos sectores e\u00f3lico, agrogandeiro ou tecnol\u00f3xico: \u201cEstes primeiros pasos son fundamentais para definir un parque \u00fatil, adaptado \u00e1s necesidades reais do tecido produtivo\u201d, afirmou.<span class=\"Apple-converted-space\">\u00a0<\/span><\/p>\n<p>Pola s\u00faa banda, Ricardo V\u00e1zquez (Emalcsa), explicou que esta \u00e9 unha primeira toma de contacto para colaborar, destacando que \u201co proxecto de Zas ofrece un contorno moi interesante para desenvolver novas li\u00f1as de I+D en sistemas de abastecemento e tecnolox\u00edas transversais\u201d.<span class=\"Apple-converted-space\">\u00a0<\/span><\/p>\n<p>Desde a UDC, Juan Jos\u00e9 G\u00f3mez subli\u00f1ou que se trata dunha \u201ciniciativa pioneira, con pasos firmes e un avance notable que pronto dar\u00e1 resultados visibles\u201d, mentres que Braulio P\u00e9rez anunciou que se impulsar\u00e1n \u201cacci\u00f3ns no territorio que faciliten sinerxias co tecido local\u201d.<span class=\"Apple-converted-space\">\u00a0<\/span><\/p>\n","protected":false},"excerpt":{"rendered":"<p>Esta ma\u00f1\u00e1 o alcalde, Manuel Mu\u00ed\u00f1o, recibiu na Casa do Concello ao director de I+D+i de Emalcsa, Ricardo V\u00e1zquez, e a representantes da UDC.<\/p>\n","protected":false},"author":3,"featured_media":30116,"comment_status":"open","ping_status":"closed","sticky":false,"template":"","format":"standard","meta":{"slim_seo":{"title":"Zas avanza no seu Parque Cient\u00edfico e Tecnol\u00f3xico, o primeiro impulsado integramente por un concello - Concello de Zas","description":"Esta ma\u00f1\u00e1 o alcalde, Manuel Mu\u00ed\u00f1o, recibiu na Casa do Concello ao director de I+D+i de Emalcsa, Ricardo V\u00e1zquez, e a representantes da UDC."},"footnotes":""},"categories":[414],"tags":[],"class_list":["post-30115","post","type-post","status-publish","format-standard","has-post-thumbnail","hentry","category-emprego"],"_links":{"self":[{"href":"https:\/\/concellodezas.gal\/es\/wp-json\/wp\/v2\/posts\/30115","targetHints":{"allow":["GET"]}}],"collection":[{"href":"https:\/\/concellodezas.gal\/es\/wp-json\/wp\/v2\/posts"}],"about":[{"href":"https:\/\/concellodezas.gal\/es\/wp-json\/wp\/v2\/types\/post"}],"author":[{"embeddable":true,"href":"https:\/\/concellodezas.gal\/es\/wp-json\/wp\/v2\/users\/3"}],"replies":[{"embeddable":true,"href":"https:\/\/concellodezas.gal\/es\/wp-json\/wp\/v2\/comments?post=30115"}],"version-history":[{"count":0,"href":"https:\/\/concellodezas.gal\/es\/wp-json\/wp\/v2\/posts\/30115\/revisions"}],"wp:featuredmedia":[{"embeddable":true,"href":"https:\/\/concellodezas.gal\/es\/wp-json\/wp\/v2\/media\/30116"}],"wp:attachment":[{"href":"https:\/\/concellodezas.gal\/es\/wp-json\/wp\/v2\/media?parent=30115"}],"wp:term":[{"taxonomy":"category","embeddable":true,"href":"https:\/\/concellodezas.gal\/es\/wp-json\/wp\/v2\/categories?post=30115"},{"taxonomy":"post_tag","embeddable":true,"href":"https:\/\/concellodezas.gal\/es\/wp-json\/wp\/v2\/tags?post=30115"}],"curies":[{"name":"wp","href":"https:\/\/api.w.org\/{rel}","templated":true}]}}