{"id":30111,"date":"2025-12-18T12:10:44","date_gmt":"2025-12-18T11:10:44","guid":{"rendered":"https:\/\/concellodezas.gal\/o-concello-de-zas-celebrara-a-segunda-edicion-do-mercado-artesan-de-baio-cunha-ampla-programacion-cultural\/"},"modified":"2026-03-06T10:47:51","modified_gmt":"2026-03-06T09:47:51","slug":"o-concello-de-zas-celebrara-a-segunda-edicion-do-mercado-artesan-de-baio-cunha-ampla-programacion-cultural","status":"publish","type":"post","link":"https:\/\/concellodezas.gal\/es\/o-concello-de-zas-celebrara-a-segunda-edicion-do-mercado-artesan-de-baio-cunha-ampla-programacion-cultural\/","title":{"rendered":"O Concello de Zas celebrar\u00e1 a segunda edici\u00f3n do Mercado Artes\u00e1n de Baio cunha ampla programaci\u00f3n cultural"},"content":{"rendered":"\n<p>O Concello de Zas organiza esta fin de semana, coa colaboraci\u00f3n da Asociaci\u00f3n de Comercios, Hostalar\u00eda e Servizos BAION, a segunda edici\u00f3n do Mercado Artes\u00e1n de Baio, unha cita que se consolida no calendario festivo do municipio, apostando pola artesan\u00eda, a cultura e a dinamizaci\u00f3n social e econ\u00f3mica da vila.<\/p>\n\n\n\n<p>O mercado abrir\u00e1 as s\u00faas portas o s\u00e1bado 20 de decembro de 11:00 a 20:30 horas. Farao cun acto inaugural no que estar\u00e1 presente o alcalde, Manuel Mu\u00ed\u00f1o, e a presidenta da entidade colaboradora do evento, Berta Reymundez, da Asociaci\u00f3n de Comercios, Hostalar\u00eda e Servizos BAION.<\/p>\n\n\n\n<p>Posteriormente, a xornada continuar\u00e1 con pinchos e unha demostraci\u00f3n de torner\u00eda en vivo, a cargo de Jos\u00e9 M. Prado Nimo, coa posibilidade de participar sen necesidade de inscrici\u00f3n previa. Haber\u00e1 tam\u00e9n un taller infantil de costura, impartido por Ana Trasariz, que se desenvolver\u00e1 a partir das 18:00 horas e para o que non ser\u00e1 precisa inscrici\u00f3n previa, as\u00ed como un mon\u00f3logo de Celso Sanmart\u00edn, programado para as 19:30 horas.<\/p>\n\n\n\n<p>O domingo 21 de decembro, o mercado continuar\u00e1 de 10:00 a 19:00 horas, coincidindo coa tradicional Feira de Baio. A programaci\u00f3n incl\u00fae unha sesi\u00f3n verm\u00fa con \u2018O Tren da Unha\u2019 \u00e1s 13:30 horas, o espect\u00e1culo de maxia \u2018O mago Paco\u2019 \u00e1s 17:00 horas e a visita especial de Pap\u00e1 Noel \u00e1s 18:00 horas, unha actividade especialmente pensada para o p\u00fablico infantil e familiar. Ademais, durante as d\u00faas xornadas haber\u00e1 pulpeira.<\/p>\n\n\n\n<p>O alcalde de Zas, Manuel Mu\u00ed\u00f1o, destacou que \u201co Mercado Artes\u00e1n de Baio \u00e9 unha aposta clara do Concello por crear espazos de encontro arredor da artesan\u00eda, da cultura e do lecer, ao tempo que se dinamiza a vida social e econ\u00f3mica da vila nestas datas tan especiais\u201d. Mu\u00ed\u00f1o subli\u00f1ou tam\u00e9n que \u201c\u00e9 importante po\u00f1er en valor este mercado organizado polo Concello que contamos que siga medrando edici\u00f3n tras edici\u00f3n\u201d.<\/p>\n\n\n\n<figure class=\"wp-block-image size-large\"><img fetchpriority=\"high\" decoding=\"async\" width=\"1024\" height=\"138\" src=\"https:\/\/concellodezas.gal\/wp-content\/uploads\/2025\/04\/Banner-Actividade-Subvencionada-pola-Deputacion-da-Coruna-1024x138.jpg\" alt=\"Banner Actividade Subvencionada pola Deputacio\u0301n da Corun\u0303a\" class=\"wp-image-30609\" srcset=\"https:\/\/concellodezas.gal\/wp-content\/uploads\/2025\/04\/Banner-Actividade-Subvencionada-pola-Deputacion-da-Coruna-1024x138.jpg 1024w, https:\/\/concellodezas.gal\/wp-content\/uploads\/2025\/04\/Banner-Actividade-Subvencionada-pola-Deputacion-da-Coruna-300x41.jpg 300w, https:\/\/concellodezas.gal\/wp-content\/uploads\/2025\/04\/Banner-Actividade-Subvencionada-pola-Deputacion-da-Coruna-768x104.jpg 768w, https:\/\/concellodezas.gal\/wp-content\/uploads\/2025\/04\/Banner-Actividade-Subvencionada-pola-Deputacion-da-Coruna-1536x207.jpg 1536w, https:\/\/concellodezas.gal\/wp-content\/uploads\/2025\/04\/Banner-Actividade-Subvencionada-pola-Deputacion-da-Coruna.jpg 2000w\" sizes=\"(max-width: 1024px) 100vw, 1024px\" \/><\/figure>\n","protected":false},"excerpt":{"rendered":"<p>O Concello de Zas organiza esta fin de semana, coa colaboraci\u00f3n da Asociaci\u00f3n de Comercios, Hostalar\u00eda e Servizos BAION, a segunda edici\u00f3n do Mercado Artes\u00e1n de Baio, unha cita que se consolida no calendario festivo do municipio, apostando pola artesan\u00eda, a cultura e a dinamizaci\u00f3n social e econ\u00f3mica da vila. O mercado abrir\u00e1 as s\u00faas [&hellip;]<\/p>\n","protected":false},"author":3,"featured_media":30112,"comment_status":"open","ping_status":"closed","sticky":false,"template":"","format":"standard","meta":{"slim_seo":{"title":"O Concello de Zas celebrar\u00e1 a segunda edici\u00f3n do Mercado Artes\u00e1n de Baio cunha ampla programaci\u00f3n cultural - Concello de Zas","description":"O Concello de Zas organiza esta fin de semana, coa colaboraci\u00f3n da Asociaci\u00f3n de Comercios, Hostalar\u00eda e Servizos BAION, a segunda edici\u00f3n do Mercado Artes\u00e1n de"},"footnotes":""},"categories":[413],"tags":[],"class_list":["post-30111","post","type-post","status-publish","format-standard","has-post-thumbnail","hentry","category-cultura-e-deportes"],"_links":{"self":[{"href":"https:\/\/concellodezas.gal\/es\/wp-json\/wp\/v2\/posts\/30111","targetHints":{"allow":["GET"]}}],"collection":[{"href":"https:\/\/concellodezas.gal\/es\/wp-json\/wp\/v2\/posts"}],"about":[{"href":"https:\/\/concellodezas.gal\/es\/wp-json\/wp\/v2\/types\/post"}],"author":[{"embeddable":true,"href":"https:\/\/concellodezas.gal\/es\/wp-json\/wp\/v2\/users\/3"}],"replies":[{"embeddable":true,"href":"https:\/\/concellodezas.gal\/es\/wp-json\/wp\/v2\/comments?post=30111"}],"version-history":[{"count":1,"href":"https:\/\/concellodezas.gal\/es\/wp-json\/wp\/v2\/posts\/30111\/revisions"}],"predecessor-version":[{"id":30613,"href":"https:\/\/concellodezas.gal\/es\/wp-json\/wp\/v2\/posts\/30111\/revisions\/30613"}],"wp:featuredmedia":[{"embeddable":true,"href":"https:\/\/concellodezas.gal\/es\/wp-json\/wp\/v2\/media\/30112"}],"wp:attachment":[{"href":"https:\/\/concellodezas.gal\/es\/wp-json\/wp\/v2\/media?parent=30111"}],"wp:term":[{"taxonomy":"category","embeddable":true,"href":"https:\/\/concellodezas.gal\/es\/wp-json\/wp\/v2\/categories?post=30111"},{"taxonomy":"post_tag","embeddable":true,"href":"https:\/\/concellodezas.gal\/es\/wp-json\/wp\/v2\/tags?post=30111"}],"curies":[{"name":"wp","href":"https:\/\/api.w.org\/{rel}","templated":true}]}}