{"id":30101,"date":"2026-01-15T07:00:17","date_gmt":"2026-01-15T06:00:17","guid":{"rendered":"https:\/\/concellodezas.gal\/zas-reforza-a-sua-aposta-pola-cultura-cunha-nova-exposicion-de-pintura-no-centro-sociocultural-de-baio\/"},"modified":"2026-01-16T07:59:30","modified_gmt":"2026-01-16T06:59:30","slug":"zas-reforza-a-sua-aposta-pola-cultura-cunha-nova-exposicion-de-pintura-no-centro-sociocultural-de-baio","status":"publish","type":"post","link":"https:\/\/concellodezas.gal\/es\/zas-reforza-a-sua-aposta-pola-cultura-cunha-nova-exposicion-de-pintura-no-centro-sociocultural-de-baio\/","title":{"rendered":"Zas reforza a s\u00faa aposta pola cultura cunha nova exposici\u00f3n de pintura no Centro Sociocultural de Baio"},"content":{"rendered":"<p style=\"text-align: justify;\">O Concello de Zas, a trav\u00e9s da \u00e1rea de Cultura, inaugura este venres, 16 de xaneiro, unha nova exposici\u00f3n no Centro Sociocultural de Baio. A mostra forma parte do ciclo de exposici\u00f3ns posto en marcha o pasado mes de outubro, unha iniciativa que se prolongar\u00e1 ata o mes de xu\u00f1o e que consolida este espazo como referente cultural na comarca.<\/p>\n<p style=\"text-align: justify;\">Este programa, impulsado polo Concello durante o \u00faltimo ano, ten como principal obxectivo achegar a arte \u00e1 veci\u00f1anza e favorecer a difusi\u00f3n cultural, ao tempo que se apoia e visibiliza o traballo de creadoras e creadores tanto a nivel local como comarcal.<\/p>\n<p style=\"text-align: justify;\">Nesta ocasi\u00f3n, a exposici\u00f3n est\u00e1 dedicada \u00e1 pintura e re\u00fane obras das artistas Dolores Figueroa Calvo e Isabel Pardo Regueiro. A mostra poder\u00e1 visitarse do 16 de xaneiro ao 27 de febreiro no Centro Sociocultural de Baio, de martes a venres en horario de 15:30 a 20:30 horas, e os s\u00e1bados de 10:00 a 14:00 horas.<\/p>\n<p style=\"text-align: justify;\">O acto de inauguraci\u00f3n celebrarase este venres, 16 de xaneiro, a partir das 19:00 horas, e contar\u00e1 coa presenza do alcalde de Zas, Manuel Mu\u00ed\u00f1o, as\u00ed como das d\u00faas artistas protagonistas da exposici\u00f3n.<\/p>\n<p style=\"text-align: justify;\">Mu\u00ed\u00f1o, comentou que \u201ceste ciclo de exposici\u00f3ns \u00e9 unha aposta clara do Concello pola cultura como ferramenta de encontro, dinamizaci\u00f3n social e apoio ao talento art\u00edstico, tanto local como comarcal\u201d, animando posteriormente a toda a veci\u00f1anza a achegarse pola mostra e desfrutar da selecci\u00f3n de obras.<\/p>\n","protected":false},"excerpt":{"rendered":"<p>O Concello de Zas, a trav\u00e9s da \u00e1rea de Cultura, inaugura este venres, 16 de xaneiro, unha nova exposici\u00f3n no Centro Sociocultural de Baio. A mostra forma parte do ciclo de exposici\u00f3ns posto en marcha o pasado mes de outubro, unha iniciativa que se prolongar\u00e1 ata o mes de xu\u00f1o e que consolida este espazo [&hellip;]<\/p>\n","protected":false},"author":3,"featured_media":30102,"comment_status":"open","ping_status":"closed","sticky":false,"template":"","format":"standard","meta":{"slim_seo":{"title":"Zas reforza a s\u00faa aposta pola cultura cunha nova exposici\u00f3n de pintura no Centro Sociocultural de Baio - Concello de Zas","description":"O Concello de Zas, a trav\u00e9s da \u00e1rea de Cultura, inaugura este venres, 16 de xaneiro, unha nova exposici\u00f3n no Centro Sociocultural de Baio. A mostra forma parte"},"footnotes":""},"categories":[413],"tags":[],"class_list":["post-30101","post","type-post","status-publish","format-standard","has-post-thumbnail","hentry","category-cultura-e-deportes"],"_links":{"self":[{"href":"https:\/\/concellodezas.gal\/es\/wp-json\/wp\/v2\/posts\/30101","targetHints":{"allow":["GET"]}}],"collection":[{"href":"https:\/\/concellodezas.gal\/es\/wp-json\/wp\/v2\/posts"}],"about":[{"href":"https:\/\/concellodezas.gal\/es\/wp-json\/wp\/v2\/types\/post"}],"author":[{"embeddable":true,"href":"https:\/\/concellodezas.gal\/es\/wp-json\/wp\/v2\/users\/3"}],"replies":[{"embeddable":true,"href":"https:\/\/concellodezas.gal\/es\/wp-json\/wp\/v2\/comments?post=30101"}],"version-history":[{"count":0,"href":"https:\/\/concellodezas.gal\/es\/wp-json\/wp\/v2\/posts\/30101\/revisions"}],"wp:featuredmedia":[{"embeddable":true,"href":"https:\/\/concellodezas.gal\/es\/wp-json\/wp\/v2\/media\/30102"}],"wp:attachment":[{"href":"https:\/\/concellodezas.gal\/es\/wp-json\/wp\/v2\/media?parent=30101"}],"wp:term":[{"taxonomy":"category","embeddable":true,"href":"https:\/\/concellodezas.gal\/es\/wp-json\/wp\/v2\/categories?post=30101"},{"taxonomy":"post_tag","embeddable":true,"href":"https:\/\/concellodezas.gal\/es\/wp-json\/wp\/v2\/tags?post=30101"}],"curies":[{"name":"wp","href":"https:\/\/api.w.org\/{rel}","templated":true}]}}