{"id":30099,"date":"2026-01-16T07:00:18","date_gmt":"2026-01-16T06:00:18","guid":{"rendered":"https:\/\/concellodezas.gal\/o-concello-de-zas-presentara-este-sabado-a-sua-nova-paxina-web-municipal\/"},"modified":"2026-01-16T07:59:30","modified_gmt":"2026-01-16T06:59:30","slug":"o-concello-de-zas-presentara-este-sabado-a-sua-nova-paxina-web-municipal","status":"publish","type":"post","link":"https:\/\/concellodezas.gal\/es\/o-concello-de-zas-presentara-este-sabado-a-sua-nova-paxina-web-municipal\/","title":{"rendered":"O Concello de Zas presentar\u00e1 este s\u00e1bado a s\u00faa nova p\u00e1xina web municipal"},"content":{"rendered":"<p style=\"text-align: justify;\">O Concello de Zas presentar\u00e1 este s\u00e1bado, 17 de xaneiro, a s\u00faa nova p\u00e1xina web municipal, que pasar\u00e1 a estar dispo\u00f1ible no dominio concellodezas.gal. Tr\u00e1tase dun novo espazo dixital m\u00e1is accesible, intuitivo, visual e c\u00f3modo para a navegaci\u00f3n, pensado para mellorar a comunicaci\u00f3n coa veci\u00f1anza e facilitar o acceso \u00e1 informaci\u00f3n municipal.<\/p>\n<p style=\"text-align: justify;\">A nova web recoller\u00e1 todos os contidos e servizos de interese para a cidadan\u00eda, con apartados espec\u00edficos de Turismo, Novas e actualidade, Axenda de eventos, Sede Electr\u00f3nica e Tabl\u00f3n de Anuncios, entre outros, ofrecendo unha estrutura clara e adaptada \u00e1s necesidades actuais.<\/p>\n<p style=\"text-align: justify;\">O acto de presentaci\u00f3n ter\u00e1 lugar o s\u00e1bado 17 de xaneiro, a partir das 12:00 horas, nas Torres do Allo, e contar\u00e1 coa intervenci\u00f3n do alcalde de Zas, Manuel Mu\u00ed\u00f1o, da responsable da empresa Medialeva, Gema Lema, e do responsable de WP Nord\u00e9s, Diego Alonso, empresas encargadas do desenvolvemento do proxecto.<\/p>\n<p style=\"text-align: justify;\">O alcalde de Zas, Manuel Mu\u00ed\u00f1o, destacou que \u201cesta nova p\u00e1xina web sup\u00f3n un paso m\u00e1is na modernizaci\u00f3n do Concello e na nosa aposta por achegar a administraci\u00f3n local \u00e1 cidadan\u00eda, facilitando o acceso \u00e1 informaci\u00f3n e aos servizos municipais dun xeito sinxelo e eficaz\u201d.<\/p>\n<p style=\"text-align: justify;\"><strong>Conferencia sobre a intelixencia artificial e nova canle de WhatsApp<\/strong><\/p>\n<p style=\"text-align: justify;\">Ademais, no marco desta xornada celebrarase a conferencia titulada \u2018A Intelixencia Artificial na vida das persoas\u2019, que ser\u00e1 impartida polos profesores do IES Maximino Romero, \u00d3scar Manuel Rey e Fina Paulos, achegando unha reflexi\u00f3n divulgativa sobre o impacto desta tecnolox\u00eda no d\u00eda a d\u00eda da cidadan\u00eda.<\/p>\n<p style=\"text-align: justify;\">Durante a presentaci\u00f3n tam\u00e9n se avanzar\u00e1n detalles sobre a nova canle de WhatsApp do Concello de Zas, unha ferramenta que substituir\u00e1 \u00e1s actuais listas de difusi\u00f3n e que permitir\u00e1 unha comunicaci\u00f3n m\u00e1is directa, \u00e1xil e ordenada coa veci\u00f1anza.<\/p>\n","protected":false},"excerpt":{"rendered":"<p>O Concello de Zas presentar\u00e1 este s\u00e1bado, 17 de xaneiro, a s\u00faa nova p\u00e1xina web municipal, que pasar\u00e1 a estar dispo\u00f1ible no dominio concellodezas.gal. Tr\u00e1tase dun novo espazo dixital m\u00e1is accesible, intuitivo, visual e c\u00f3modo para a navegaci\u00f3n, pensado para mellorar a comunicaci\u00f3n coa veci\u00f1anza e facilitar o acceso \u00e1 informaci\u00f3n municipal. A nova web [&hellip;]<\/p>\n","protected":false},"author":3,"featured_media":30100,"comment_status":"open","ping_status":"closed","sticky":false,"template":"","format":"standard","meta":{"slim_seo":{"title":"O Concello de Zas presentar\u00e1 este s\u00e1bado a s\u00faa nova p\u00e1xina web municipal - Concello de Zas","description":"O Concello de Zas presentar\u00e1 este s\u00e1bado, 17 de xaneiro, a s\u00faa nova p\u00e1xina web municipal, que pasar\u00e1 a estar dispo\u00f1ible no dominio concellodezas.gal. Tr\u00e1tase du"},"footnotes":""},"categories":[415],"tags":[],"class_list":["post-30099","post","type-post","status-publish","format-standard","has-post-thumbnail","hentry","category-turismo"],"_links":{"self":[{"href":"https:\/\/concellodezas.gal\/es\/wp-json\/wp\/v2\/posts\/30099","targetHints":{"allow":["GET"]}}],"collection":[{"href":"https:\/\/concellodezas.gal\/es\/wp-json\/wp\/v2\/posts"}],"about":[{"href":"https:\/\/concellodezas.gal\/es\/wp-json\/wp\/v2\/types\/post"}],"author":[{"embeddable":true,"href":"https:\/\/concellodezas.gal\/es\/wp-json\/wp\/v2\/users\/3"}],"replies":[{"embeddable":true,"href":"https:\/\/concellodezas.gal\/es\/wp-json\/wp\/v2\/comments?post=30099"}],"version-history":[{"count":0,"href":"https:\/\/concellodezas.gal\/es\/wp-json\/wp\/v2\/posts\/30099\/revisions"}],"wp:featuredmedia":[{"embeddable":true,"href":"https:\/\/concellodezas.gal\/es\/wp-json\/wp\/v2\/media\/30100"}],"wp:attachment":[{"href":"https:\/\/concellodezas.gal\/es\/wp-json\/wp\/v2\/media?parent=30099"}],"wp:term":[{"taxonomy":"category","embeddable":true,"href":"https:\/\/concellodezas.gal\/es\/wp-json\/wp\/v2\/categories?post=30099"},{"taxonomy":"post_tag","embeddable":true,"href":"https:\/\/concellodezas.gal\/es\/wp-json\/wp\/v2\/tags?post=30099"}],"curies":[{"name":"wp","href":"https:\/\/api.w.org\/{rel}","templated":true}]}}