{"id":28490,"date":"2025-09-22T10:42:56","date_gmt":"2025-09-22T08:42:56","guid":{"rendered":"https:\/\/concellodezas.gal\/que-ver-ayuntamiento-de-zas-en-24-horas\/"},"modified":"2025-12-22T16:47:30","modified_gmt":"2025-12-22T15:47:30","slug":"que-ver-ayuntamiento-de-zas-en-24-horas","status":"publish","type":"post","link":"https:\/\/concellodezas.gal\/es\/que-ver-ayuntamiento-de-zas-en-24-horas\/","title":{"rendered":"Qu\u00e9 ver en el Ayuntamiento de Zas en 24 horas"},"content":{"rendered":"\n<h2 class=\"wp-block-heading\">Que ver en Zas por la ma\u00f1ana<\/h2>\n\n<p>Si s\u00f3lo dispone de un d\u00eda para descubrir nuestro municipio, aconsejamos llegar a jornada visitando el considerado primer palacio de Galicia, <a href=\"https:\/\/torresdoallo.gal\/\" target=\"_blank\" rel=\"noreferrer noopener\">Torres del Allo<\/a>, que llegar\u00e1 la bienvenida con una espectacular avenida de robles centenarios. Torres del Allo no solo es un palacio, all\u00ed podr\u00e1s disfrutar de una entorno natural llena de historia con su iglesia renacentista, sus hu\u00e9rreos y su frondoso soto de casta\u00f1os. <\/p>\n\n<p>Muy cerca, en el n\u00facleo urbano de Baio, encontrar\u00e1s un espacio natural, su <em>carballeira<\/em>, desde el cual iniciar una peque\u00f1a caminata, bordeando el r\u00edo Grande, hasta llegar al \u00e1rea recreativa de Piedra Vig\u00eda. Por el camino, ver\u00e1s antiguos molinos de agua, un rico patrimonio etnogr\u00e1fico en buen estado de conservaci\u00f3n. Desafortunadamente, ese no es el estado en el que encontrar\u00e1s el Dolmen de Piedra Vig\u00eda, restos p\u00e9treos de \u00e9poca megal\u00edtica localizados la poca distancia de este espacio de ocio, siguiendo el margen izquierda del r\u00edo.  <\/p>\n\n<figure class=\"wp-block-image size-full is-resized\"><img fetchpriority=\"high\" decoding=\"async\" width=\"640\" height=\"480\" src=\"https:\/\/concellodezas.gal\/wp-content\/uploads\/2021\/06\/carballeiraBaio1.jpg\" alt=\"Baio - Pedra Vix&#xED;a\" class=\"wp-image-1845\" style=\"width:800px;height:auto\" srcset=\"https:\/\/concellodezas.gal\/wp-content\/uploads\/2021\/06\/carballeiraBaio1.jpg 640w, https:\/\/concellodezas.gal\/wp-content\/uploads\/2021\/06\/carballeiraBaio1-300x225.jpg 300w, https:\/\/concellodezas.gal\/wp-content\/uploads\/2021\/06\/carballeiraBaio1-510x382.jpg 510w, https:\/\/concellodezas.gal\/wp-content\/uploads\/2021\/06\/carballeiraBaio1-480x360.jpg 480w\" sizes=\"(max-width: 640px) 100vw, 640px\" \/><\/figure>\n\n<p>Ya de vuelta al centro de Baio, y para finalizar la ma\u00f1ana, si lo deseas, podr\u00e1s hacer las dos compras en alguna de las numerosas tiendas de la localidad. Despu\u00e9s, aconsejamos descansar de las dos compras en cualquier local de hosteler\u00eda y disfrutar de su bueno y acogedor ambiente. Llegada la hora de enero, puedes elegir entre alg\u00fan restaurante de Bayo, o si el prefieres, desplazarte hasta el n\u00facleo urbano de Zas, desde donde partir\u00e1 el recorrido de la tarde. Sea cual sea la t\u00fa opci\u00f3n, aseguramos que degustar\u00e1s los mejores productos gastron\u00f3micos de la zona.   <\/p>\n\n<h2 class=\"wp-block-heading\">Que ver en Zas por la ma\u00f1ana por la tarde<\/h2>\n\n<p>Nuestra propuesta ser\u00e1 dirigirte a un espacio revitalizante despu\u00e9s del jard\u00edn, a la <em>carballeira<\/em> de Zas, escenario, cada primer s\u00e1bado de agosto, de uno de los festivales de m\u00fasica folk m\u00e1s importantes de Galicia. Para ello, pasar\u00e1s por delante de la casa consistorial y la iglesia parroquial del siglo XVI. Despu\u00e9s de tomar aire fresco en el medio de este entorno natural de gran valor paisaj\u00edstico, es momento de poner rumbo hacia el sur del municipio, hacia la hist\u00f3rica parroquia de Brandomil, con yacimientos arqueol\u00f3gicos de relevancia. All\u00ed, podr\u00e1s subirte a lo lo largo de su puente sobre el r\u00edo Xallas y trasladarte, con imaginaci\u00f3n, a la \u00e9poca de los romanos. De aquellos a\u00f1os son los restos (aras, columnas, mi\u00e9nsulas) que podr\u00e1s observar paseando por el lugar, ya que fueron reutilizados por los vecinos para sus construcciones particulares.    <\/p>\n\n<figure class=\"wp-block-image size-full is-resized\"><img decoding=\"async\" width=\"640\" height=\"480\" src=\"https:\/\/concellodezas.gal\/wp-content\/uploads\/2021\/06\/Brandomil4.jpg\" alt=\"Merendero Brandomil\" class=\"wp-image-1571\" style=\"width:800px;height:auto\" srcset=\"https:\/\/concellodezas.gal\/wp-content\/uploads\/2021\/06\/Brandomil4.jpg 640w, https:\/\/concellodezas.gal\/wp-content\/uploads\/2021\/06\/Brandomil4-300x225.jpg 300w, https:\/\/concellodezas.gal\/wp-content\/uploads\/2021\/06\/Brandomil4-510x382.jpg 510w, https:\/\/concellodezas.gal\/wp-content\/uploads\/2021\/06\/Brandomil4-480x360.jpg 480w\" sizes=\"(max-width: 640px) 100vw, 640px\" \/><\/figure>\n\n<p>Si lo deseas y el tiempo no apremia, existe una ruta dise\u00f1ada que contin\u00faa por la carretera de Mux\u00eda para conocer uno de los grandes monumentos megal\u00edticos de Galicia, el Dolmen de Arca de la Piosa, visitando primer Pozo Limidero, una antigua explotaci\u00f3n aur\u00edfera, probablemente de la era romana.<\/p>\n\n<p>Cuando caiga la noche y precises coger fuerzas y descansar, en el municipio de Zas encontrar\u00e1s hostales, casas rurales y pensiones donde poder alojarte.<\/p>\n\n<figure class=\"wp-block-gallery has-nested-images columns-3 is-cropped wp-block-gallery-1 is-layout-flex wp-block-gallery-is-layout-flex\">\n<figure class=\"wp-block-image size-large\"><img decoding=\"async\" width=\"640\" height=\"480\" data-id=\"1845\" src=\"https:\/\/concellodezas.gal\/wp-content\/uploads\/2021\/06\/carballeiraBaio1.jpg\" alt=\"Baio - Pedra Vix&#xED;a\" class=\"wp-image-1845\" srcset=\"https:\/\/concellodezas.gal\/wp-content\/uploads\/2021\/06\/carballeiraBaio1.jpg 640w, https:\/\/concellodezas.gal\/wp-content\/uploads\/2021\/06\/carballeiraBaio1-300x225.jpg 300w, https:\/\/concellodezas.gal\/wp-content\/uploads\/2021\/06\/carballeiraBaio1-510x382.jpg 510w, https:\/\/concellodezas.gal\/wp-content\/uploads\/2021\/06\/carballeiraBaio1-480x360.jpg 480w\" sizes=\"(max-width: 640px) 100vw, 640px\" \/><\/figure>\n\n\n\n<figure class=\"wp-block-image size-large\"><img loading=\"lazy\" decoding=\"async\" width=\"640\" height=\"480\" data-id=\"1921\" src=\"https:\/\/concellodezas.gal\/wp-content\/uploads\/2021\/06\/Dolmen_Arca_da_Piosa.jpg\" alt=\"Dolmen Arca da Piosa\" class=\"wp-image-1921\" srcset=\"https:\/\/concellodezas.gal\/wp-content\/uploads\/2021\/06\/Dolmen_Arca_da_Piosa.jpg 640w, https:\/\/concellodezas.gal\/wp-content\/uploads\/2021\/06\/Dolmen_Arca_da_Piosa-300x225.jpg 300w, https:\/\/concellodezas.gal\/wp-content\/uploads\/2021\/06\/Dolmen_Arca_da_Piosa-510x382.jpg 510w, https:\/\/concellodezas.gal\/wp-content\/uploads\/2021\/06\/Dolmen_Arca_da_Piosa-480x360.jpg 480w\" sizes=\"(max-width: 640px) 100vw, 640px\" \/><\/figure>\n\n\n\n<figure class=\"wp-block-image size-large\"><img loading=\"lazy\" decoding=\"async\" width=\"640\" height=\"480\" data-id=\"1571\" src=\"https:\/\/concellodezas.gal\/wp-content\/uploads\/2021\/06\/Brandomil4.jpg\" alt=\"Merendero Brandomil\" class=\"wp-image-1571\" srcset=\"https:\/\/concellodezas.gal\/wp-content\/uploads\/2021\/06\/Brandomil4.jpg 640w, https:\/\/concellodezas.gal\/wp-content\/uploads\/2021\/06\/Brandomil4-300x225.jpg 300w, https:\/\/concellodezas.gal\/wp-content\/uploads\/2021\/06\/Brandomil4-510x382.jpg 510w, https:\/\/concellodezas.gal\/wp-content\/uploads\/2021\/06\/Brandomil4-480x360.jpg 480w\" sizes=\"(max-width: 640px) 100vw, 640px\" \/><\/figure>\n\n\n\n<figure class=\"wp-block-image size-large\"><img loading=\"lazy\" decoding=\"async\" width=\"640\" height=\"480\" data-id=\"1918\" src=\"https:\/\/concellodezas.gal\/wp-content\/uploads\/2021\/06\/1Pozo_Limideiro_Foto_EDR.jpg\" alt=\"Pozo Limideiro\" class=\"wp-image-1918\" srcset=\"https:\/\/concellodezas.gal\/wp-content\/uploads\/2021\/06\/1Pozo_Limideiro_Foto_EDR.jpg 640w, https:\/\/concellodezas.gal\/wp-content\/uploads\/2021\/06\/1Pozo_Limideiro_Foto_EDR-300x225.jpg 300w, https:\/\/concellodezas.gal\/wp-content\/uploads\/2021\/06\/1Pozo_Limideiro_Foto_EDR-510x382.jpg 510w, https:\/\/concellodezas.gal\/wp-content\/uploads\/2021\/06\/1Pozo_Limideiro_Foto_EDR-480x360.jpg 480w\" sizes=\"(max-width: 640px) 100vw, 640px\" \/><\/figure>\n\n\n\n<figure class=\"wp-block-image size-large\"><img loading=\"lazy\" decoding=\"async\" width=\"640\" height=\"480\" data-id=\"1923\" src=\"https:\/\/concellodezas.gal\/wp-content\/uploads\/2021\/06\/Avenida_de_robles_centenarios___Torres_do_Allo.jpg\" alt=\"Avenida de robles centenarios Torres del Allo\" class=\"wp-image-1923\" srcset=\"https:\/\/concellodezas.gal\/wp-content\/uploads\/2021\/06\/Avenida_de_robles_centenarios___Torres_do_Allo.jpg 640w, https:\/\/concellodezas.gal\/wp-content\/uploads\/2021\/06\/Avenida_de_robles_centenarios___Torres_do_Allo-300x225.jpg 300w, https:\/\/concellodezas.gal\/wp-content\/uploads\/2021\/06\/Avenida_de_robles_centenarios___Torres_do_Allo-510x382.jpg 510w, https:\/\/concellodezas.gal\/wp-content\/uploads\/2021\/06\/Avenida_de_robles_centenarios___Torres_do_Allo-480x360.jpg 480w\" sizes=\"(max-width: 640px) 100vw, 640px\" \/><\/figure>\n\n\n\n<figure class=\"wp-block-image size-large\"><img loading=\"lazy\" decoding=\"async\" width=\"640\" height=\"480\" data-id=\"1920\" src=\"https:\/\/concellodezas.gal\/wp-content\/uploads\/2021\/06\/Molino_Area_Recreativa_de_Pedra_Vixia.jpg\" alt=\"Molino Area Recreativa de Pedra Vig&#xED;a\" class=\"wp-image-1920\" srcset=\"https:\/\/concellodezas.gal\/wp-content\/uploads\/2021\/06\/Molino_Area_Recreativa_de_Pedra_Vixia.jpg 640w, https:\/\/concellodezas.gal\/wp-content\/uploads\/2021\/06\/Molino_Area_Recreativa_de_Pedra_Vixia-300x225.jpg 300w, https:\/\/concellodezas.gal\/wp-content\/uploads\/2021\/06\/Molino_Area_Recreativa_de_Pedra_Vixia-510x382.jpg 510w, https:\/\/concellodezas.gal\/wp-content\/uploads\/2021\/06\/Molino_Area_Recreativa_de_Pedra_Vixia-480x360.jpg 480w\" sizes=\"(max-width: 640px) 100vw, 640px\" \/><\/figure>\n\n\n\n<figure class=\"wp-block-image size-large\"><img loading=\"lazy\" decoding=\"async\" width=\"640\" height=\"480\" data-id=\"1856\" src=\"https:\/\/concellodezas.gal\/wp-content\/uploads\/2021\/06\/4carballeira_Zas.jpg\" alt=\"Zas-Rial de Abaixo\" class=\"wp-image-1856\" srcset=\"https:\/\/concellodezas.gal\/wp-content\/uploads\/2021\/06\/4carballeira_Zas.jpg 640w, https:\/\/concellodezas.gal\/wp-content\/uploads\/2021\/06\/4carballeira_Zas-300x225.jpg 300w, https:\/\/concellodezas.gal\/wp-content\/uploads\/2021\/06\/4carballeira_Zas-510x382.jpg 510w, https:\/\/concellodezas.gal\/wp-content\/uploads\/2021\/06\/4carballeira_Zas-480x360.jpg 480w\" sizes=\"(max-width: 640px) 100vw, 640px\" \/><\/figure>\n\n\n\n<figure class=\"wp-block-image size-large\"><img loading=\"lazy\" decoding=\"async\" width=\"1024\" height=\"768\" data-id=\"1859\" src=\"https:\/\/concellodezas.gal\/wp-content\/uploads\/2021\/06\/1Concello12-1024x768.jpg\" alt=\"Zas-Rial de Abaixo\" class=\"wp-image-1859\" srcset=\"https:\/\/concellodezas.gal\/wp-content\/uploads\/2021\/06\/1Concello12-1024x768.jpg 1024w, https:\/\/concellodezas.gal\/wp-content\/uploads\/2021\/06\/1Concello12-300x225.jpg 300w, https:\/\/concellodezas.gal\/wp-content\/uploads\/2021\/06\/1Concello12-768x576.jpg 768w, https:\/\/concellodezas.gal\/wp-content\/uploads\/2021\/06\/1Concello12-510x382.jpg 510w, https:\/\/concellodezas.gal\/wp-content\/uploads\/2021\/06\/1Concello12-1080x810.jpg 1080w, https:\/\/concellodezas.gal\/wp-content\/uploads\/2021\/06\/1Concello12-1280x960.jpg 1280w, https:\/\/concellodezas.gal\/wp-content\/uploads\/2021\/06\/1Concello12-980x735.jpg 980w, https:\/\/concellodezas.gal\/wp-content\/uploads\/2021\/06\/1Concello12-480x360.jpg 480w, https:\/\/concellodezas.gal\/wp-content\/uploads\/2021\/06\/1Concello12.jpg 1500w\" sizes=\"(max-width: 1024px) 100vw, 1024px\" \/><\/figure>\n\n\n\n<figure class=\"wp-block-image size-large\"><img loading=\"lazy\" decoding=\"async\" width=\"640\" height=\"480\" data-id=\"1919\" src=\"https:\/\/concellodezas.gal\/wp-content\/uploads\/2021\/06\/Iglesia_parroquial_de_San_Andres_de_Zas_s._XVI.jpg\" alt=\"Iglesia parroquial de San Andres de Zas (s. XVI)\" class=\"wp-image-1919\" srcset=\"https:\/\/concellodezas.gal\/wp-content\/uploads\/2021\/06\/Iglesia_parroquial_de_San_Andres_de_Zas_s._XVI.jpg 640w, https:\/\/concellodezas.gal\/wp-content\/uploads\/2021\/06\/Iglesia_parroquial_de_San_Andres_de_Zas_s._XVI-300x225.jpg 300w, https:\/\/concellodezas.gal\/wp-content\/uploads\/2021\/06\/Iglesia_parroquial_de_San_Andres_de_Zas_s._XVI-510x382.jpg 510w, https:\/\/concellodezas.gal\/wp-content\/uploads\/2021\/06\/Iglesia_parroquial_de_San_Andres_de_Zas_s._XVI-480x360.jpg 480w\" sizes=\"(max-width: 640px) 100vw, 640px\" \/><\/figure>\n\n\n\n<figure class=\"wp-block-image size-large\"><img loading=\"lazy\" decoding=\"async\" width=\"640\" height=\"480\" data-id=\"1922\" src=\"https:\/\/concellodezas.gal\/wp-content\/uploads\/2021\/06\/Dolmen_de_Pedra_Vixia.jpg\" alt=\"Dolmen de Piedra Vigia\" class=\"wp-image-1922\" srcset=\"https:\/\/concellodezas.gal\/wp-content\/uploads\/2021\/06\/Dolmen_de_Pedra_Vixia.jpg 640w, https:\/\/concellodezas.gal\/wp-content\/uploads\/2021\/06\/Dolmen_de_Pedra_Vixia-300x225.jpg 300w, https:\/\/concellodezas.gal\/wp-content\/uploads\/2021\/06\/Dolmen_de_Pedra_Vixia-510x382.jpg 510w, https:\/\/concellodezas.gal\/wp-content\/uploads\/2021\/06\/Dolmen_de_Pedra_Vixia-480x360.jpg 480w\" sizes=\"(max-width: 640px) 100vw, 640px\" \/><\/figure>\n\n\n\n<figure class=\"wp-block-image size-large\"><img loading=\"lazy\" decoding=\"async\" width=\"640\" height=\"480\" data-id=\"1912\" src=\"https:\/\/concellodezas.gal\/wp-content\/uploads\/2021\/06\/1Torres_do_Allo.jpg\" alt=\"\" class=\"wp-image-1912\" srcset=\"https:\/\/concellodezas.gal\/wp-content\/uploads\/2021\/06\/1Torres_do_Allo.jpg 640w, https:\/\/concellodezas.gal\/wp-content\/uploads\/2021\/06\/1Torres_do_Allo-300x225.jpg 300w, https:\/\/concellodezas.gal\/wp-content\/uploads\/2021\/06\/1Torres_do_Allo-510x382.jpg 510w, https:\/\/concellodezas.gal\/wp-content\/uploads\/2021\/06\/1Torres_do_Allo-480x360.jpg 480w\" sizes=\"(max-width: 640px) 100vw, 640px\" \/><\/figure>\n<\/figure>\n","protected":false},"excerpt":{"rendered":"<p>Un solo d\u00eda puede parecer poco para conocer todo lo que ofrece Zas, pero llega para llevarse una impresi\u00f3n inolvidables de un ayuntamiento lleno de naturaleza, historia y tradici\u00f3n. Entre carballeiras centenarias, pazos se\u00f1oriales, rutas fluviales y yacimientos arqueol\u00f3gicos, cada paso te permite sumergirte en la esencia de la Costa da Morte interior. <\/p>\n<p>En este itinerario de 24 horas combinamos patrimonio, ocio y gastronom\u00eda local, proponi\u00e9ndose una jornada completa que va desde los encantos del palacio m\u00e1s antiguo de Galicia hasta los vestigios del mundo romano en Brandomil. Prep\u00e1rate para descubrir un territorio que sorprende tanto por su pasado como por la hospitalidad de su gente y la belleza de su paisaje. <\/p>\n","protected":false},"author":3,"featured_media":22841,"comment_status":"open","ping_status":"closed","sticky":false,"template":"","format":"standard","meta":{"slim_seo":{"title":"Qu\u00e9 ver en el Ayuntamiento de Zas en 24 horas - Concello de Zas","description":"Un solo d\u00eda puede parecer poco para conocer todo lo que ofrece Zas, pero llega para llevarse una impresi\u00f3n inolvidables de un ayuntamiento lleno de naturaleza,"},"footnotes":""},"categories":[571],"tags":[572],"class_list":["post-28490","post","type-post","status-publish","format-standard","has-post-thumbnail","hentry","category-blog","tag-que-ver"],"_links":{"self":[{"href":"https:\/\/concellodezas.gal\/es\/wp-json\/wp\/v2\/posts\/28490","targetHints":{"allow":["GET"]}}],"collection":[{"href":"https:\/\/concellodezas.gal\/es\/wp-json\/wp\/v2\/posts"}],"about":[{"href":"https:\/\/concellodezas.gal\/es\/wp-json\/wp\/v2\/types\/post"}],"author":[{"embeddable":true,"href":"https:\/\/concellodezas.gal\/es\/wp-json\/wp\/v2\/users\/3"}],"replies":[{"embeddable":true,"href":"https:\/\/concellodezas.gal\/es\/wp-json\/wp\/v2\/comments?post=28490"}],"version-history":[{"count":1,"href":"https:\/\/concellodezas.gal\/es\/wp-json\/wp\/v2\/posts\/28490\/revisions"}],"predecessor-version":[{"id":28491,"href":"https:\/\/concellodezas.gal\/es\/wp-json\/wp\/v2\/posts\/28490\/revisions\/28491"}],"wp:featuredmedia":[{"embeddable":true,"href":"https:\/\/concellodezas.gal\/es\/wp-json\/wp\/v2\/media\/22841"}],"wp:attachment":[{"href":"https:\/\/concellodezas.gal\/es\/wp-json\/wp\/v2\/media?parent=28490"}],"wp:term":[{"taxonomy":"category","embeddable":true,"href":"https:\/\/concellodezas.gal\/es\/wp-json\/wp\/v2\/categories?post=28490"},{"taxonomy":"post_tag","embeddable":true,"href":"https:\/\/concellodezas.gal\/es\/wp-json\/wp\/v2\/tags?post=28490"}],"curies":[{"name":"wp","href":"https:\/\/api.w.org\/{rel}","templated":true}]}}