{"id":28469,"date":"2025-09-22T11:24:02","date_gmt":"2025-09-22T09:24:02","guid":{"rendered":"https:\/\/concellodezas.gal\/que-ver-en-ayuntamiento-de-zas-unos-dias\/"},"modified":"2025-12-22T16:47:29","modified_gmt":"2025-12-22T15:47:29","slug":"que-ver-en-ayuntamiento-de-zas-unos-dias","status":"publish","type":"post","link":"https:\/\/concellodezas.gal\/es\/que-ver-en-ayuntamiento-de-zas-unos-dias\/","title":{"rendered":"Qu\u00e9 ver en unos d\u00edas en el Ayuntamiento de Zas"},"content":{"rendered":"\n<p>Si tu estancia en nuestro municipio va a ser de varios d\u00edas, puedes tomar las indicaciones dise\u00f1adas para la propuesta de escapada de <a href=\"https:\/\/concellodezas.gal\/es\/que-ver-un-fin-de-semana-concello-de-zas\/\" title=\"Que ver en un fin de semana en el Ayuntamiento de Zas\">un fin de semana en Zas<\/a>, y si el prefieres, adaptarla a otros d\u00edas de la semana. A esta oferta aconsejamos a\u00f1adir la visita a Pico de Meda y a la entorno del Rabi\u00f1oso. <\/p>\n\n<p>El Pico de Meda, con sus 566 metros de altura, es el punto m\u00e1s elevado de la localidad. Desde su cima, en d\u00edas claros, podr\u00e1s observar el Monte Pindo (Carnota) o el Atl\u00e1ntico, desde Fisterra hasta Arteixo, y disfrutar de las panor\u00e1micas del Val de Soneira. All\u00ed, contemplar\u00e1s animales en libertad: \u00e9quidos y b\u00f3vidos, aves de presa y peque\u00f1os mam\u00edferos (conejos, zorros). En la atalaya del Pico de Meda nace el r\u00edo Grande, el cual discurre por las tierras zasenses hasta desembocar en la r\u00eda de Camari\u00f1as. Para acceder al Pico de Medallas tomar la carretera local hacia la parroquia de G\u00e1ndara.    <\/p>\n\n<figure class=\"wp-block-image size-full is-resized\"><img fetchpriority=\"high\" decoding=\"async\" width=\"640\" height=\"480\" src=\"https:\/\/concellodezas.gal\/wp-content\/uploads\/2021\/06\/PicoMeda5.jpg\" alt=\"Pico de Meda\" class=\"wp-image-2019\" style=\"width:800px;height:auto\" srcset=\"https:\/\/concellodezas.gal\/wp-content\/uploads\/2021\/06\/PicoMeda5.jpg 640w, https:\/\/concellodezas.gal\/wp-content\/uploads\/2021\/06\/PicoMeda5-300x225.jpg 300w, https:\/\/concellodezas.gal\/wp-content\/uploads\/2021\/06\/PicoMeda5-510x382.jpg 510w, https:\/\/concellodezas.gal\/wp-content\/uploads\/2021\/06\/PicoMeda5-480x360.jpg 480w\" sizes=\"(max-width: 640px) 100vw, 640px\" \/><\/figure>\n\n<p>De vuelta, al bajar, a dos kil\u00f3metros aproximadamente, proponemos a hacer una parada en el lugar del Rabi\u00f1oso, espacio natural que transmite tranquilidad y sosiego, un aut\u00e9ntico bosque de ribera. Su r\u00edo sirve de frontera entre dos aldeas (Vilarramil y Moucos), entre dos parroquias (Cuns y G\u00e1ndara), entre dos municipios (Coristanco y Zas) y entre dos comarcas (Berganti\u00f1os y Soneira). En su entorno podr\u00e1s encontrar dos molinos de agua en la zona de Zas y tres en la de Coristanco, todos en mal estado de conservaci\u00f3n, desafortunadamente.  <\/p>\n\n<p>Zas forma parte de la comarca de Soneira, junto a Vimianzo y Camari\u00f1as, lugares que deber\u00e1s reservar algunas jornadas para visitarlos. De la misma manera ocurre con otros enclaves de la <a href=\"http:\/\/www.concellodezas.org\/media\/documentos\/ZAS_GDR2017.pdf\">Costa da Morte<\/a>: Mux\u00eda, Fisterra, Corcubi\u00f3n, Cee,&#8230; <\/p>\n\n<p>Nuestro municipio est\u00e1 localizado en un punto geogr\u00e1fico casi equidistante de la ciudad de A Coru\u00f1a (poco m\u00e1s de 60 km.) como de Santiago de Compostela (50 km. aproximadamente), lo que lo convierte en un enclave perfecto en el tri\u00e1ngulo A Coru\u00f1a \u2013 Santiago \u2013 Costa de la Muerte.<\/p>\n\n<figure class=\"wp-block-gallery has-nested-images columns-3 is-cropped wp-block-gallery-1 is-layout-flex wp-block-gallery-is-layout-flex\">\n<figure class=\"wp-block-image size-large\"><img decoding=\"async\" width=\"640\" height=\"480\" data-id=\"1958\" src=\"https:\/\/concellodezas.gal\/wp-content\/uploads\/2021\/06\/Molino_de_O_Rabinoso.jpg\" alt=\"Unos d&#xED;as en Zas\" class=\"wp-image-1958\" srcset=\"https:\/\/concellodezas.gal\/wp-content\/uploads\/2021\/06\/Molino_de_O_Rabinoso.jpg 640w, https:\/\/concellodezas.gal\/wp-content\/uploads\/2021\/06\/Molino_de_O_Rabinoso-300x225.jpg 300w, https:\/\/concellodezas.gal\/wp-content\/uploads\/2021\/06\/Molino_de_O_Rabinoso-510x382.jpg 510w, https:\/\/concellodezas.gal\/wp-content\/uploads\/2021\/06\/Molino_de_O_Rabinoso-480x360.jpg 480w\" sizes=\"(max-width: 640px) 100vw, 640px\" \/><\/figure>\n\n\n\n<figure class=\"wp-block-image size-large\"><img decoding=\"async\" width=\"640\" height=\"480\" data-id=\"1957\" src=\"https:\/\/concellodezas.gal\/wp-content\/uploads\/2021\/06\/Molino_en_O_Rabinhoso.jpg\" alt=\"Unos d&#xED;as en Zas\" class=\"wp-image-1957\" srcset=\"https:\/\/concellodezas.gal\/wp-content\/uploads\/2021\/06\/Molino_en_O_Rabinhoso.jpg 640w, https:\/\/concellodezas.gal\/wp-content\/uploads\/2021\/06\/Molino_en_O_Rabinhoso-300x225.jpg 300w, https:\/\/concellodezas.gal\/wp-content\/uploads\/2021\/06\/Molino_en_O_Rabinhoso-510x382.jpg 510w, https:\/\/concellodezas.gal\/wp-content\/uploads\/2021\/06\/Molino_en_O_Rabinhoso-480x360.jpg 480w\" sizes=\"(max-width: 640px) 100vw, 640px\" \/><\/figure>\n\n\n\n<figure class=\"wp-block-image size-large\"><img loading=\"lazy\" decoding=\"async\" width=\"640\" height=\"480\" data-id=\"1956\" src=\"https:\/\/concellodezas.gal\/wp-content\/uploads\/2021\/06\/Vista_de_Pico_de_Meda_en_direccion_NO.jpg\" alt=\"Unos d&#xED;as en Zas\" class=\"wp-image-1956\" srcset=\"https:\/\/concellodezas.gal\/wp-content\/uploads\/2021\/06\/Vista_de_Pico_de_Meda_en_direccion_NO.jpg 640w, https:\/\/concellodezas.gal\/wp-content\/uploads\/2021\/06\/Vista_de_Pico_de_Meda_en_direccion_NO-300x225.jpg 300w, https:\/\/concellodezas.gal\/wp-content\/uploads\/2021\/06\/Vista_de_Pico_de_Meda_en_direccion_NO-510x382.jpg 510w, https:\/\/concellodezas.gal\/wp-content\/uploads\/2021\/06\/Vista_de_Pico_de_Meda_en_direccion_NO-480x360.jpg 480w\" sizes=\"(max-width: 640px) 100vw, 640px\" \/><\/figure>\n\n\n\n<figure class=\"wp-block-image size-large\"><img loading=\"lazy\" decoding=\"async\" width=\"640\" height=\"480\" data-id=\"1955\" src=\"https:\/\/concellodezas.gal\/wp-content\/uploads\/2021\/06\/Pico_de_Meda.jpg\" alt=\"Unos d&#xED;as en Zas\" class=\"wp-image-1955\" srcset=\"https:\/\/concellodezas.gal\/wp-content\/uploads\/2021\/06\/Pico_de_Meda.jpg 640w, https:\/\/concellodezas.gal\/wp-content\/uploads\/2021\/06\/Pico_de_Meda-300x225.jpg 300w, https:\/\/concellodezas.gal\/wp-content\/uploads\/2021\/06\/Pico_de_Meda-510x382.jpg 510w, https:\/\/concellodezas.gal\/wp-content\/uploads\/2021\/06\/Pico_de_Meda-480x360.jpg 480w\" sizes=\"(max-width: 640px) 100vw, 640px\" \/><\/figure>\n\n\n\n<figure class=\"wp-block-image size-large\"><img loading=\"lazy\" decoding=\"async\" width=\"640\" height=\"480\" data-id=\"1954\" src=\"https:\/\/concellodezas.gal\/wp-content\/uploads\/2021\/06\/O_Rabinoso.jpg\" alt=\"Unos d&#xED;as en Zas\" class=\"wp-image-1954\" srcset=\"https:\/\/concellodezas.gal\/wp-content\/uploads\/2021\/06\/O_Rabinoso.jpg 640w, https:\/\/concellodezas.gal\/wp-content\/uploads\/2021\/06\/O_Rabinoso-300x225.jpg 300w, https:\/\/concellodezas.gal\/wp-content\/uploads\/2021\/06\/O_Rabinoso-510x382.jpg 510w, https:\/\/concellodezas.gal\/wp-content\/uploads\/2021\/06\/O_Rabinoso-480x360.jpg 480w\" sizes=\"(max-width: 640px) 100vw, 640px\" \/><\/figure>\n\n\n\n<figure class=\"wp-block-image size-large\"><img loading=\"lazy\" decoding=\"async\" width=\"640\" height=\"480\" data-id=\"1953\" src=\"https:\/\/concellodezas.gal\/wp-content\/uploads\/2021\/06\/Cascada_de_O_Rabinoso.jpg\" alt=\"Unos d&#xED;as en Zas\" class=\"wp-image-1953\" srcset=\"https:\/\/concellodezas.gal\/wp-content\/uploads\/2021\/06\/Cascada_de_O_Rabinoso.jpg 640w, https:\/\/concellodezas.gal\/wp-content\/uploads\/2021\/06\/Cascada_de_O_Rabinoso-300x225.jpg 300w, https:\/\/concellodezas.gal\/wp-content\/uploads\/2021\/06\/Cascada_de_O_Rabinoso-510x382.jpg 510w, https:\/\/concellodezas.gal\/wp-content\/uploads\/2021\/06\/Cascada_de_O_Rabinoso-480x360.jpg 480w\" sizes=\"(max-width: 640px) 100vw, 640px\" \/><\/figure>\n<\/figure>\n","protected":false},"excerpt":{"rendered":"<p>Pasar varios d\u00edas en Zas es la mejor manera de conocer en profundidad la riqueza natural y cultural de este ayuntamiento. M\u00e1s all\u00e1 de una escapada de fin de semana, tendr\u00e1s tiempo para descubrir miraderos que abren sus vistas hasta el Atl\u00e1ntico, caminar por bosques de ribera que transmiten calma y sumergirte en la autenticidad de sus parroquias. <\/p>\n<p>Esta gu\u00eda est\u00e1 pensada para quien desee explorar con calma: desde el Pico de Meda, la mayor altura de la comarca, hasta el m\u00e1gico entorno del Rabi\u00f1oso, donde el r\u00edo marca l\u00edmites entre aldeas, parroquias e incluso comarcas. Adem\u00e1s, Zas es un excelente punto de partida para visitar otros destinos de la Costa da Morte, como Vimianzo, Camari\u00f1as o Fisterra, aprovechando su situaci\u00f3n estrat\u00e9gica entre A Coru\u00f1a y Santiago de Compostela. <\/p>\n","protected":false},"author":3,"featured_media":21246,"comment_status":"open","ping_status":"closed","sticky":false,"template":"","format":"standard","meta":{"slim_seo":{"title":"Qu\u00e9 ver en unos d\u00edas en el Ayuntamiento de Zas - Concello de Zas","description":"Pasar varios d\u00edas en Zas es la mejor manera de conocer en profundidad la riqueza natural y cultural de este ayuntamiento. M\u00e1s all\u00e1 de una escapada de fin de sem"},"footnotes":""},"categories":[571],"tags":[572],"class_list":["post-28469","post","type-post","status-publish","format-standard","has-post-thumbnail","hentry","category-blog","tag-que-ver"],"_links":{"self":[{"href":"https:\/\/concellodezas.gal\/es\/wp-json\/wp\/v2\/posts\/28469","targetHints":{"allow":["GET"]}}],"collection":[{"href":"https:\/\/concellodezas.gal\/es\/wp-json\/wp\/v2\/posts"}],"about":[{"href":"https:\/\/concellodezas.gal\/es\/wp-json\/wp\/v2\/types\/post"}],"author":[{"embeddable":true,"href":"https:\/\/concellodezas.gal\/es\/wp-json\/wp\/v2\/users\/3"}],"replies":[{"embeddable":true,"href":"https:\/\/concellodezas.gal\/es\/wp-json\/wp\/v2\/comments?post=28469"}],"version-history":[{"count":1,"href":"https:\/\/concellodezas.gal\/es\/wp-json\/wp\/v2\/posts\/28469\/revisions"}],"predecessor-version":[{"id":28470,"href":"https:\/\/concellodezas.gal\/es\/wp-json\/wp\/v2\/posts\/28469\/revisions\/28470"}],"wp:featuredmedia":[{"embeddable":true,"href":"https:\/\/concellodezas.gal\/es\/wp-json\/wp\/v2\/media\/21246"}],"wp:attachment":[{"href":"https:\/\/concellodezas.gal\/es\/wp-json\/wp\/v2\/media?parent=28469"}],"wp:term":[{"taxonomy":"category","embeddable":true,"href":"https:\/\/concellodezas.gal\/es\/wp-json\/wp\/v2\/categories?post=28469"},{"taxonomy":"post_tag","embeddable":true,"href":"https:\/\/concellodezas.gal\/es\/wp-json\/wp\/v2\/tags?post=28469"}],"curies":[{"name":"wp","href":"https:\/\/api.w.org\/{rel}","templated":true}]}}