{"id":28458,"date":"2025-09-22T11:00:29","date_gmt":"2025-09-22T09:00:29","guid":{"rendered":"https:\/\/concellodezas.gal\/que-ver-un-fin-de-semana-concello-de-zas\/"},"modified":"2025-12-22T16:47:30","modified_gmt":"2025-12-22T15:47:30","slug":"que-ver-un-fin-de-semana-concello-de-zas","status":"publish","type":"post","link":"https:\/\/concellodezas.gal\/es\/que-ver-un-fin-de-semana-concello-de-zas\/","title":{"rendered":"Que ver en un fin de semana en el Ayuntamiento de Zas"},"content":{"rendered":"\n<h4 class=\"wp-block-heading\">Que ver en Zas un s\u00e1bado<\/h4>\n\n<p>Por la ma\u00f1ana, te proponemos un paseo relajante por la <em>carballeira<\/em> de Baio, espacio natural ba\u00f1ado por las aguas del r\u00edo Grande. Desde su margen izquierda podr\u00e1s dirigirte hacia el \u00e1rea recreativa de Pedra Vix\u00eda y, por el camino, encontrarte con antiguos molinos de agua. Desde el \u00e1rea, a pocos metros, siguiendo por el lado izquierdo el r\u00edo, descubrir\u00e1s los restos del dolmen de Piedra Vig\u00eda.  <\/p>\n\n<p>Por la tarde, sugerimos realizar la <a href=\"http:\/\/antiga.concellodezas.org\/media\/documentos\/RutaPazos_web_ES.pdf\" target=\"_blank\" rel=\"noreferrer noopener\">Ruta de los Pazos<\/a>. Cuatro casas de la nobleza gallega de diferentes \u00e9pocas, entre los cuales est\u00e1 el considerado palacio m\u00e1s antiguo de Galicia, las <g id=\"gid_1\">Torres del Allo<\/g>, hermoso edificio declarado BIC (Bien de Inter\u00e9s Cultural) que acoge en la actualidad un centro de informaci\u00f3n tur\u00edstica. Los otros tres, Follente, Romelle y Edreiras, son de titularidad privada por lo que s\u00f3lo podr\u00e1s conocer sus exteriores.  <\/p>\n\n<figure class=\"wp-block-image size-full is-resized\"><img fetchpriority=\"high\" decoding=\"async\" width=\"640\" height=\"480\" src=\"https:\/\/concellodezas.gal\/wp-content\/uploads\/2021\/06\/Carballeira_de_Baio_1.jpg\" alt=\"Un fin de semana en Zas\" class=\"wp-image-1941\" style=\"width:800px;height:auto\" srcset=\"https:\/\/concellodezas.gal\/wp-content\/uploads\/2021\/06\/Carballeira_de_Baio_1.jpg 640w, https:\/\/concellodezas.gal\/wp-content\/uploads\/2021\/06\/Carballeira_de_Baio_1-300x225.jpg 300w, https:\/\/concellodezas.gal\/wp-content\/uploads\/2021\/06\/Carballeira_de_Baio_1-510x382.jpg 510w, https:\/\/concellodezas.gal\/wp-content\/uploads\/2021\/06\/Carballeira_de_Baio_1-480x360.jpg 480w\" sizes=\"(max-width: 640px) 100vw, 640px\" \/><\/figure>\n\n<p>Ten en cuenta que si tu estancia en el municipio de Zas coincide ser el primer s\u00e1bado de agosto, tendr\u00e1s una cita obligada en la <em>Fiesta de la Carballeira<\/em> de Zas, donde durante toda la jornada se celebra, a\u00f1o tras a\u00f1o, uno de los festivales de m\u00fasica folk m\u00e1s importantes de Galicia. Sin embargo, si llega coincide de estar el cuarto s\u00e1bado de agosto, deber\u00e1s asistir a la Romer\u00eda de <em>San Roque del Monte<\/em> en la parroquia de Mira, fiesta caracterizada por la puja de gallos, actos religiosos, actuaciones musicales y por una multitudinaria merienda campestre. <\/p>\n\n<h4 class=\"wp-block-heading\">Qu\u00e9 ver en Zas un domingo<\/h4>\n\n<p>Al comenzar el d\u00eda, disfruta de la peque\u00f1a <a href=\"http:\/\/antiga.concellodezas.org\/media\/documentos\/Zas_Rial.pdf\" target=\"_blank\" rel=\"noreferrer noopener\">ruta de Zas la Rial de Abaixo<\/a>. En ella, visitar\u00e1s su <em>carballera y<\/em> ver\u00e1s hermosas vistas del municipio desde sus puntos m\u00e1s elevados. <\/p>\n\n<p>Tras el yantar, dir\u00edgete hacia el sur del municipio para realizar la <a href=\"http:\/\/antiga.concellodezas.org\/media\/documentos\/RutaBrandomil_web_ES.pdf\" target=\"_blank\" rel=\"noreferrer noopener\">Ruta de Brandomil<\/a>, con enclaves de visita obligada para conocer el pasado romano y megal\u00edtico de este territorio.<\/p>\n\n<figure class=\"wp-block-image size-large\"><img decoding=\"async\" width=\"1024\" height=\"774\" src=\"https:\/\/concellodezas.gal\/wp-content\/uploads\/2021\/06\/Festa_da_Carballeira_de_Zas_2017-1024x774.jpg\" alt=\"Un fin de semana en Zas\" class=\"wp-image-1932\"\/><\/figure>\n\n<p>Si durante tu estancia en Zas coincide ser la ma\u00f1ana del tercer domingo de mes, ac\u00e9rcate a la localidad de Baio, donde tiene lugar la feria mensual en la que encontrar\u00e1s multitud de puestos ambulantes que ofertan todo tipo de art\u00edculos. Sin embargo, si el tenista paso por Zas es al inicio del verano, el \u00faltimo domingo de junio, asiste a la Fiesta de la <g id=\"gid_0\">Carballeira<\/g> de Baio, una gran romer\u00eda en la que disfrutar\u00e1s de un d\u00eda lleno de actuaciones musicales. Por el contrario, toma nota se nos visitas el primer domingo del mes de julio cuando tendr\u00e1s oportunidad de ver la <em>Rapa das Bestas <\/em>de Carrera, evento en el lugar de A Pedragueira en el que los participantes son los encargados de reunir los cabalos para despu\u00e9s cortarle las crines.  <\/p>\n\n<figure class=\"wp-block-gallery has-nested-images columns-3 is-cropped wp-block-gallery-1 is-layout-flex wp-block-gallery-is-layout-flex\">\n<figure class=\"wp-block-image size-large\"><img decoding=\"async\" width=\"640\" height=\"480\" data-id=\"1918\" src=\"https:\/\/concellodezas.gal\/wp-content\/uploads\/2021\/06\/1Pozo_Limideiro_Foto_EDR.jpg\" alt=\"Pozo Limideiro\" class=\"wp-image-1918\" srcset=\"https:\/\/concellodezas.gal\/wp-content\/uploads\/2021\/06\/1Pozo_Limideiro_Foto_EDR.jpg 640w, https:\/\/concellodezas.gal\/wp-content\/uploads\/2021\/06\/1Pozo_Limideiro_Foto_EDR-300x225.jpg 300w, https:\/\/concellodezas.gal\/wp-content\/uploads\/2021\/06\/1Pozo_Limideiro_Foto_EDR-510x382.jpg 510w, https:\/\/concellodezas.gal\/wp-content\/uploads\/2021\/06\/1Pozo_Limideiro_Foto_EDR-480x360.jpg 480w\" sizes=\"(max-width: 640px) 100vw, 640px\" \/><\/figure>\n\n\n\n<figure class=\"wp-block-image size-large\"><img loading=\"lazy\" decoding=\"async\" width=\"640\" height=\"480\" data-id=\"1942\" src=\"https:\/\/concellodezas.gal\/wp-content\/uploads\/2021\/06\/Area_recreativa_de_Pedra_Vixia.jpg\" alt=\"Un fin de semana en Zas\" class=\"wp-image-1942\" srcset=\"https:\/\/concellodezas.gal\/wp-content\/uploads\/2021\/06\/Area_recreativa_de_Pedra_Vixia.jpg 640w, https:\/\/concellodezas.gal\/wp-content\/uploads\/2021\/06\/Area_recreativa_de_Pedra_Vixia-300x225.jpg 300w, https:\/\/concellodezas.gal\/wp-content\/uploads\/2021\/06\/Area_recreativa_de_Pedra_Vixia-510x382.jpg 510w, https:\/\/concellodezas.gal\/wp-content\/uploads\/2021\/06\/Area_recreativa_de_Pedra_Vixia-480x360.jpg 480w\" sizes=\"(max-width: 640px) 100vw, 640px\" \/><\/figure>\n\n\n\n<figure class=\"wp-block-image size-large\"><img loading=\"lazy\" decoding=\"async\" width=\"640\" height=\"480\" data-id=\"1941\" src=\"https:\/\/concellodezas.gal\/wp-content\/uploads\/2021\/06\/Carballeira_de_Baio_1.jpg\" alt=\"Un fin de semana en Zas\" class=\"wp-image-1941\" srcset=\"https:\/\/concellodezas.gal\/wp-content\/uploads\/2021\/06\/Carballeira_de_Baio_1.jpg 640w, https:\/\/concellodezas.gal\/wp-content\/uploads\/2021\/06\/Carballeira_de_Baio_1-300x225.jpg 300w, https:\/\/concellodezas.gal\/wp-content\/uploads\/2021\/06\/Carballeira_de_Baio_1-510x382.jpg 510w, https:\/\/concellodezas.gal\/wp-content\/uploads\/2021\/06\/Carballeira_de_Baio_1-480x360.jpg 480w\" sizes=\"(max-width: 640px) 100vw, 640px\" \/><\/figure>\n\n\n\n<figure class=\"wp-block-image size-large\"><img loading=\"lazy\" decoding=\"async\" width=\"640\" height=\"480\" data-id=\"1940\" src=\"https:\/\/concellodezas.gal\/wp-content\/uploads\/2021\/06\/Dolme_de_Pedra_Vixia.jpg\" alt=\"Un fin de semana en Zas\" class=\"wp-image-1940\" srcset=\"https:\/\/concellodezas.gal\/wp-content\/uploads\/2021\/06\/Dolme_de_Pedra_Vixia.jpg 640w, https:\/\/concellodezas.gal\/wp-content\/uploads\/2021\/06\/Dolme_de_Pedra_Vixia-300x225.jpg 300w, https:\/\/concellodezas.gal\/wp-content\/uploads\/2021\/06\/Dolme_de_Pedra_Vixia-510x382.jpg 510w, https:\/\/concellodezas.gal\/wp-content\/uploads\/2021\/06\/Dolme_de_Pedra_Vixia-480x360.jpg 480w\" sizes=\"(max-width: 640px) 100vw, 640px\" \/><\/figure>\n\n\n\n<figure class=\"wp-block-image size-large\"><img loading=\"lazy\" decoding=\"async\" width=\"640\" height=\"480\" data-id=\"1939\" src=\"https:\/\/concellodezas.gal\/wp-content\/uploads\/2021\/06\/Dolmen_Arca_da_Piosa_1.jpg\" alt=\"Un fin de semana en Zas\" class=\"wp-image-1939\" srcset=\"https:\/\/concellodezas.gal\/wp-content\/uploads\/2021\/06\/Dolmen_Arca_da_Piosa_1.jpg 640w, https:\/\/concellodezas.gal\/wp-content\/uploads\/2021\/06\/Dolmen_Arca_da_Piosa_1-300x225.jpg 300w, https:\/\/concellodezas.gal\/wp-content\/uploads\/2021\/06\/Dolmen_Arca_da_Piosa_1-510x382.jpg 510w, https:\/\/concellodezas.gal\/wp-content\/uploads\/2021\/06\/Dolmen_Arca_da_Piosa_1-480x360.jpg 480w\" sizes=\"(max-width: 640px) 100vw, 640px\" \/><\/figure>\n\n\n\n<figure class=\"wp-block-image size-large\"><img loading=\"lazy\" decoding=\"async\" width=\"640\" height=\"480\" data-id=\"1938\" src=\"https:\/\/concellodezas.gal\/wp-content\/uploads\/2021\/06\/Paseo_fluvial_de_Zas.jpg\" alt=\"Un fin de semana en Zas\" class=\"wp-image-1938\" srcset=\"https:\/\/concellodezas.gal\/wp-content\/uploads\/2021\/06\/Paseo_fluvial_de_Zas.jpg 640w, https:\/\/concellodezas.gal\/wp-content\/uploads\/2021\/06\/Paseo_fluvial_de_Zas-300x225.jpg 300w, https:\/\/concellodezas.gal\/wp-content\/uploads\/2021\/06\/Paseo_fluvial_de_Zas-510x382.jpg 510w, https:\/\/concellodezas.gal\/wp-content\/uploads\/2021\/06\/Paseo_fluvial_de_Zas-480x360.jpg 480w\" sizes=\"(max-width: 640px) 100vw, 640px\" \/><\/figure>\n\n\n\n<figure class=\"wp-block-image size-large\"><img loading=\"lazy\" decoding=\"async\" width=\"640\" height=\"480\" data-id=\"1937\" src=\"https:\/\/concellodezas.gal\/wp-content\/uploads\/2021\/06\/Pazo_das_Edreiras.jpg\" alt=\"Un fin de semana en Zas\" class=\"wp-image-1937\" srcset=\"https:\/\/concellodezas.gal\/wp-content\/uploads\/2021\/06\/Pazo_das_Edreiras.jpg 640w, https:\/\/concellodezas.gal\/wp-content\/uploads\/2021\/06\/Pazo_das_Edreiras-300x225.jpg 300w, https:\/\/concellodezas.gal\/wp-content\/uploads\/2021\/06\/Pazo_das_Edreiras-510x382.jpg 510w, https:\/\/concellodezas.gal\/wp-content\/uploads\/2021\/06\/Pazo_das_Edreiras-480x360.jpg 480w\" sizes=\"(max-width: 640px) 100vw, 640px\" \/><\/figure>\n\n\n\n<figure class=\"wp-block-image size-large\"><img loading=\"lazy\" decoding=\"async\" width=\"640\" height=\"480\" data-id=\"1936\" src=\"https:\/\/concellodezas.gal\/wp-content\/uploads\/2021\/06\/Pazo_de_Follente.jpg\" alt=\"Un fin de semana en Zas\" class=\"wp-image-1936\" srcset=\"https:\/\/concellodezas.gal\/wp-content\/uploads\/2021\/06\/Pazo_de_Follente.jpg 640w, https:\/\/concellodezas.gal\/wp-content\/uploads\/2021\/06\/Pazo_de_Follente-300x225.jpg 300w, https:\/\/concellodezas.gal\/wp-content\/uploads\/2021\/06\/Pazo_de_Follente-510x382.jpg 510w, https:\/\/concellodezas.gal\/wp-content\/uploads\/2021\/06\/Pazo_de_Follente-480x360.jpg 480w\" sizes=\"(max-width: 640px) 100vw, 640px\" \/><\/figure>\n\n\n\n<figure class=\"wp-block-image size-large\"><img loading=\"lazy\" decoding=\"async\" width=\"640\" height=\"480\" data-id=\"1935\" src=\"https:\/\/concellodezas.gal\/wp-content\/uploads\/2021\/06\/Pazo_de_Romelle.jpg\" alt=\"Un fin de semana en Zas\" class=\"wp-image-1935\" srcset=\"https:\/\/concellodezas.gal\/wp-content\/uploads\/2021\/06\/Pazo_de_Romelle.jpg 640w, https:\/\/concellodezas.gal\/wp-content\/uploads\/2021\/06\/Pazo_de_Romelle-300x225.jpg 300w, https:\/\/concellodezas.gal\/wp-content\/uploads\/2021\/06\/Pazo_de_Romelle-510x382.jpg 510w, https:\/\/concellodezas.gal\/wp-content\/uploads\/2021\/06\/Pazo_de_Romelle-480x360.jpg 480w\" sizes=\"(max-width: 640px) 100vw, 640px\" \/><\/figure>\n\n\n\n<figure class=\"wp-block-image size-large\"><img loading=\"lazy\" decoding=\"async\" width=\"640\" height=\"480\" data-id=\"1934\" src=\"https:\/\/concellodezas.gal\/wp-content\/uploads\/2021\/06\/Puente_de_Brandomil.jpg\" alt=\"Un fin de semana en Zas\" class=\"wp-image-1934\" srcset=\"https:\/\/concellodezas.gal\/wp-content\/uploads\/2021\/06\/Puente_de_Brandomil.jpg 640w, https:\/\/concellodezas.gal\/wp-content\/uploads\/2021\/06\/Puente_de_Brandomil-300x225.jpg 300w, https:\/\/concellodezas.gal\/wp-content\/uploads\/2021\/06\/Puente_de_Brandomil-510x382.jpg 510w, https:\/\/concellodezas.gal\/wp-content\/uploads\/2021\/06\/Puente_de_Brandomil-480x360.jpg 480w\" sizes=\"(max-width: 640px) 100vw, 640px\" \/><\/figure>\n\n\n\n<figure class=\"wp-block-image size-large\"><img loading=\"lazy\" decoding=\"async\" width=\"640\" height=\"480\" data-id=\"1933\" src=\"https:\/\/concellodezas.gal\/wp-content\/uploads\/2021\/06\/Torres_do_Allo_1-1.jpg\" alt=\"Un fin de semana en Zas\" class=\"wp-image-1933\" srcset=\"https:\/\/concellodezas.gal\/wp-content\/uploads\/2021\/06\/Torres_do_Allo_1-1.jpg 640w, https:\/\/concellodezas.gal\/wp-content\/uploads\/2021\/06\/Torres_do_Allo_1-1-300x225.jpg 300w, https:\/\/concellodezas.gal\/wp-content\/uploads\/2021\/06\/Torres_do_Allo_1-1-510x382.jpg 510w, https:\/\/concellodezas.gal\/wp-content\/uploads\/2021\/06\/Torres_do_Allo_1-1-480x360.jpg 480w\" sizes=\"(max-width: 640px) 100vw, 640px\" \/><\/figure>\n\n\n\n<figure class=\"wp-block-image size-large\"><img loading=\"lazy\" decoding=\"async\" width=\"1024\" height=\"774\" data-id=\"1932\" src=\"https:\/\/concellodezas.gal\/wp-content\/uploads\/2021\/06\/Festa_da_Carballeira_de_Zas_2017-1024x774.jpg\" alt=\"Un fin de semana en Zas\" class=\"wp-image-1932\"\/><\/figure>\n\n\n\n<figure class=\"wp-block-image size-large\"><img loading=\"lazy\" decoding=\"async\" width=\"640\" height=\"480\" data-id=\"1931\" src=\"https:\/\/concellodezas.gal\/wp-content\/uploads\/2021\/06\/Rapa_das_Bestas_de_Carreira_Zas.jpg\" alt=\"Un fin de semana en Zas\" class=\"wp-image-1931\" srcset=\"https:\/\/concellodezas.gal\/wp-content\/uploads\/2021\/06\/Rapa_das_Bestas_de_Carreira_Zas.jpg 640w, https:\/\/concellodezas.gal\/wp-content\/uploads\/2021\/06\/Rapa_das_Bestas_de_Carreira_Zas-300x225.jpg 300w, https:\/\/concellodezas.gal\/wp-content\/uploads\/2021\/06\/Rapa_das_Bestas_de_Carreira_Zas-510x382.jpg 510w, https:\/\/concellodezas.gal\/wp-content\/uploads\/2021\/06\/Rapa_das_Bestas_de_Carreira_Zas-480x360.jpg 480w\" sizes=\"(max-width: 640px) 100vw, 640px\" \/><\/figure>\n\n\n\n<figure class=\"wp-block-image size-large\"><img loading=\"lazy\" decoding=\"async\" width=\"640\" height=\"480\" data-id=\"1930\" src=\"https:\/\/concellodezas.gal\/wp-content\/uploads\/2021\/06\/Romeria_de_San_Roque_do_Monte.jpg\" alt=\"Un fin de semana en Zas\" class=\"wp-image-1930\" srcset=\"https:\/\/concellodezas.gal\/wp-content\/uploads\/2021\/06\/Romeria_de_San_Roque_do_Monte.jpg 640w, https:\/\/concellodezas.gal\/wp-content\/uploads\/2021\/06\/Romeria_de_San_Roque_do_Monte-300x225.jpg 300w, https:\/\/concellodezas.gal\/wp-content\/uploads\/2021\/06\/Romeria_de_San_Roque_do_Monte-510x382.jpg 510w, https:\/\/concellodezas.gal\/wp-content\/uploads\/2021\/06\/Romeria_de_San_Roque_do_Monte-480x360.jpg 480w\" sizes=\"(max-width: 640px) 100vw, 640px\" \/><\/figure>\n\n\n\n<figure class=\"wp-block-image size-large\"><img loading=\"lazy\" decoding=\"async\" width=\"640\" height=\"480\" data-id=\"1929\" src=\"https:\/\/concellodezas.gal\/wp-content\/uploads\/2021\/06\/1Fiesta_da_Carballeira_de_Baio.jpg\" alt=\"Un fin de semana en Zas\" class=\"wp-image-1929\" srcset=\"https:\/\/concellodezas.gal\/wp-content\/uploads\/2021\/06\/1Fiesta_da_Carballeira_de_Baio.jpg 640w, https:\/\/concellodezas.gal\/wp-content\/uploads\/2021\/06\/1Fiesta_da_Carballeira_de_Baio-300x225.jpg 300w, https:\/\/concellodezas.gal\/wp-content\/uploads\/2021\/06\/1Fiesta_da_Carballeira_de_Baio-510x382.jpg 510w, https:\/\/concellodezas.gal\/wp-content\/uploads\/2021\/06\/1Fiesta_da_Carballeira_de_Baio-480x360.jpg 480w\" sizes=\"(max-width: 640px) 100vw, 640px\" \/><\/figure>\n<\/figure>\n","protected":false},"excerpt":{"rendered":"<p>Zas es un destino que sorprende por su combinaci\u00f3n de naturaleza, historia y tradiciones vivas. Pasar un fin de semana en este ayuntamiento de A Costa de la Muerte significa disfrutar de paseos por carballeiras centenarias, descubrir d\u00f3lmenes y pazos cargados de leyenda, o dejarse llevar por la m\u00fasica y las fiestas populares que llenan de vida cada parroquia. <\/p>\n<p>Tanto si te apasiona la tranquilidad de los senderos fluviales como si buscas conocer el patrimonio se\u00f1orial o sumergirte en la autenticidad de sus celebraciones, en Zas siempre encontrar\u00e1s un plan perfecto. Aqu\u00ed te proponemos una gu\u00eda para aprovechar al m\u00e1ximo un s\u00e1bado y un domingo en nuestro municipio, con experiencias que combinan ocio, cultura y tradici\u00f3n. <\/p>\n","protected":false},"author":3,"featured_media":28447,"comment_status":"open","ping_status":"closed","sticky":false,"template":"","format":"standard","meta":{"slim_seo":{"title":"Que ver en un fin de semana en el Ayuntamiento de Zas - Concello de Zas","description":"Zas es un destino que sorprende por su combinaci\u00f3n de naturaleza, historia y tradiciones vivas. Pasar un fin de semana en este ayuntamiento de A Costa de la Mue"},"footnotes":""},"categories":[571],"tags":[572],"class_list":["post-28458","post","type-post","status-publish","format-standard","has-post-thumbnail","hentry","category-blog","tag-que-ver"],"_links":{"self":[{"href":"https:\/\/concellodezas.gal\/es\/wp-json\/wp\/v2\/posts\/28458","targetHints":{"allow":["GET"]}}],"collection":[{"href":"https:\/\/concellodezas.gal\/es\/wp-json\/wp\/v2\/posts"}],"about":[{"href":"https:\/\/concellodezas.gal\/es\/wp-json\/wp\/v2\/types\/post"}],"author":[{"embeddable":true,"href":"https:\/\/concellodezas.gal\/es\/wp-json\/wp\/v2\/users\/3"}],"replies":[{"embeddable":true,"href":"https:\/\/concellodezas.gal\/es\/wp-json\/wp\/v2\/comments?post=28458"}],"version-history":[{"count":1,"href":"https:\/\/concellodezas.gal\/es\/wp-json\/wp\/v2\/posts\/28458\/revisions"}],"predecessor-version":[{"id":28459,"href":"https:\/\/concellodezas.gal\/es\/wp-json\/wp\/v2\/posts\/28458\/revisions\/28459"}],"wp:featuredmedia":[{"embeddable":true,"href":"https:\/\/concellodezas.gal\/es\/wp-json\/wp\/v2\/media\/28447"}],"wp:attachment":[{"href":"https:\/\/concellodezas.gal\/es\/wp-json\/wp\/v2\/media?parent=28458"}],"wp:term":[{"taxonomy":"category","embeddable":true,"href":"https:\/\/concellodezas.gal\/es\/wp-json\/wp\/v2\/categories?post=28458"},{"taxonomy":"post_tag","embeddable":true,"href":"https:\/\/concellodezas.gal\/es\/wp-json\/wp\/v2\/tags?post=28458"}],"curies":[{"name":"wp","href":"https:\/\/api.w.org\/{rel}","templated":true}]}}