{"id":27047,"date":"2025-11-04T12:50:49","date_gmt":"2025-11-04T11:50:49","guid":{"rendered":"https:\/\/concellodezas.gal\/?p=27047"},"modified":"2025-12-22T16:47:08","modified_gmt":"2025-12-22T15:47:08","slug":"mais-50-nenos-e-nenas-de-3-a-12-anos-participaron-no-campamento-de-samain","status":"publish","type":"post","link":"https:\/\/concellodezas.gal\/es\/mais-50-nenos-e-nenas-de-3-a-12-anos-participaron-no-campamento-de-samain\/","title":{"rendered":"M\u00e1is 50 nenos e nenas de 3 a 12 anos participaron no campamento de Sama\u00edn"},"content":{"rendered":"\n<p>M\u00e1is 50 nenos e nenas con idades comprendidas entre os 3 e os 12 anos matriculados nos centros de ensino de educaci\u00f3n infantil e primaria do noso municipio participaron no&nbsp;<a href=\"https:\/\/concellodezas.org\/zas-celebra-o-samain-cun-campamento-gratuito-para-a-razada-de-3-a-12-anos\/\"><strong>campamento de Sama\u00edn<\/strong><\/a>&nbsp;organizado polo Concello de Zas que se celebrou o venres (31 de outubro) e hoxe (3 de novembro).<\/p>\n\n\n\n<p>Dende o equipo de goberno, ofreciuse as\u00ed unha alternativa gratu\u00edta para todas as familias co fin de que puidesen conciliar a s\u00faa vida laboral e familiar durante estes dous d\u00edas non lectivos (31 de outubro e 3 de novembro).&nbsp;<\/p>\n\n\n\n<p>A rapazada realizou diferentes actividades adaptadas \u00e1s s\u00faas idades e guiadas por un equipo de monitores e monitoras. O Alcalde, Manuel Mu\u00ed\u00f1o, aproveitou para visitar \u00e1 rapazada e recordou que o \u201cConcello de Zas foi un dos poucos da zona que ofreceu unha alternativa&nbsp;&nbsp;para as familias durante estes d\u00edas non lectivos\u201d.<\/p>\n","protected":false},"excerpt":{"rendered":"<p>M\u00e1is 50 nenos e nenas con idades comprendidas entre os 3 e os 12 anos matriculados nos centros de ensino de educaci\u00f3n infantil e primaria do noso municipio participaron no&nbsp;campamento de Sama\u00edn&nbsp;organizado polo Concello de Zas que se celebrou o venres (31 de outubro) e hoxe (3 de novembro). Dende o equipo de goberno, ofreciuse [&hellip;]<\/p>\n","protected":false},"author":5,"featured_media":27048,"comment_status":"open","ping_status":"closed","sticky":false,"template":"","format":"standard","meta":{"slim_seo":{"title":"M\u00e1is 50 nenos e nenas de 3 a 12 anos participaron no campamento de Sama\u00edn - Concello de Zas","description":"M\u00e1is 50 nenos e nenas con idades comprendidas entre os 3 e os 12 anos matriculados nos centros de ensino de educaci\u00f3n infantil e primaria do noso municipio part"},"footnotes":""},"categories":[413],"tags":[514,516],"class_list":["post-27047","post","type-post","status-publish","format-standard","has-post-thumbnail","hentry","category-cultura-e-deportes","tag-campamento","tag-samain"],"_links":{"self":[{"href":"https:\/\/concellodezas.gal\/es\/wp-json\/wp\/v2\/posts\/27047","targetHints":{"allow":["GET"]}}],"collection":[{"href":"https:\/\/concellodezas.gal\/es\/wp-json\/wp\/v2\/posts"}],"about":[{"href":"https:\/\/concellodezas.gal\/es\/wp-json\/wp\/v2\/types\/post"}],"author":[{"embeddable":true,"href":"https:\/\/concellodezas.gal\/es\/wp-json\/wp\/v2\/users\/5"}],"replies":[{"embeddable":true,"href":"https:\/\/concellodezas.gal\/es\/wp-json\/wp\/v2\/comments?post=27047"}],"version-history":[{"count":1,"href":"https:\/\/concellodezas.gal\/es\/wp-json\/wp\/v2\/posts\/27047\/revisions"}],"predecessor-version":[{"id":27049,"href":"https:\/\/concellodezas.gal\/es\/wp-json\/wp\/v2\/posts\/27047\/revisions\/27049"}],"wp:featuredmedia":[{"embeddable":true,"href":"https:\/\/concellodezas.gal\/es\/wp-json\/wp\/v2\/media\/27048"}],"wp:attachment":[{"href":"https:\/\/concellodezas.gal\/es\/wp-json\/wp\/v2\/media?parent=27047"}],"wp:term":[{"taxonomy":"category","embeddable":true,"href":"https:\/\/concellodezas.gal\/es\/wp-json\/wp\/v2\/categories?post=27047"},{"taxonomy":"post_tag","embeddable":true,"href":"https:\/\/concellodezas.gal\/es\/wp-json\/wp\/v2\/tags?post=27047"}],"curies":[{"name":"wp","href":"https:\/\/api.w.org\/{rel}","templated":true}]}}