{"id":26932,"date":"2025-10-22T23:25:53","date_gmt":"2025-10-22T21:25:53","guid":{"rendered":"https:\/\/concellodezas.gal\/?p=26932"},"modified":"2025-12-22T16:47:09","modified_gmt":"2025-12-22T15:47:09","slug":"o-festival-de-curtametraxes-premios-foucino-arranca-mana-cunha-nova-edicion-mais-social","status":"publish","type":"post","link":"https:\/\/concellodezas.gal\/es\/o-festival-de-curtametraxes-premios-foucino-arranca-mana-cunha-nova-edicion-mais-social\/","title":{"rendered":"O festival de curtametraxes  Premios Fouci\u00f1o arranca ma\u00f1\u00e1  cunha nova edici\u00f3n m\u00e1is social"},"content":{"rendered":"<p>Entre ma\u00f1\u00e1 e o s\u00e1bado, Baio ser\u00e1 a capital galega do audiovisual coa<span class=\"Apple-converted-space\">\u00a0<\/span>celebraci\u00f3n da <a href=\"https:\/\/premiosfoucino.concellodezas.org\/\">V edici\u00f3n dos <strong>Premios Fouci\u00f1o<\/strong><\/a> que este ano pon o foco no \u201csocial, no<span class=\"Apple-converted-space\">\u00a0<\/span>innovador e sempre partindo desde o car\u00e1cter local e \u00edntimo das historias que se volven<span class=\"Apple-converted-space\">\u00a0<\/span>universais\u201d, afirman desde a organizaci\u00f3n.<span class=\"Apple-converted-space\">\u00a0<\/span><\/p>\n<p>Este \u00e9 un<strong> festival de curtametraxes<\/strong> no que participan profesionais e novos talentos de toda a comunidade e que est\u00e1 organizado polo Concello de Zas e a Asociaci\u00f3n Premios Fouci\u00f1o, coa<span class=\"Apple-converted-space\">\u00a0<\/span>colaboraci\u00f3n da Deputaci\u00f3n da Coru\u00f1a. A maior parte das proxecci\u00f3ns e outras actividades<span class=\"Apple-converted-space\">\u00a0<\/span>paralelas ter\u00e1n lugar no baixo do Edificio Plaza (ao car\u00f3n de Pasteler\u00eda Guindas).<\/p>\n<p>O festival arranca ma\u00f1\u00e1 <strong>xoves<\/strong>, a partir das 20:00 horas, cunha sesi\u00f3n inaugural na que estar\u00e1 o<span class=\"Apple-converted-space\">\u00a0<\/span>Alcalde de Zas, Manuel Mu\u00ed\u00f1o. A continuaci\u00f3n, proxectarase a curta \u201cPura\u201d, de Carmen<span class=\"Apple-converted-space\">\u00a0<\/span>M\u00e9ndez, madri\u00f1a desta edici\u00f3n, e haber\u00e1 un coloquio coa directora.<span class=\"Apple-converted-space\">\u00a0<\/span><\/p>\n<p>O <strong>venres<\/strong> continuar\u00e1 a programaci\u00f3n a partir das 20:00 horas cunha sesi\u00f3n de proxecci\u00f3n de<span class=\"Apple-converted-space\">\u00a0<\/span>curtas entre as que estar\u00e1n \u201cDelincuente\u201d, de Alba Dom\u00ednguez e Nuria Vil; \u201cO Coidado\u201d, de<span class=\"Apple-converted-space\">\u00a0<\/span>Miguel Canalejo; \u201cAbell\u00f3n\u201d, de Fon Cortizo; e \u201cLa Casa de la Abuela\u201d, de Ashling Ocampo. A<span class=\"Apple-converted-space\">\u00a0<\/span>sesi\u00f3n rematar\u00e1 coa actuaci\u00f3n de Sofi Peries e cun karaoke cin\u00e9filo no que haber\u00e1 xurado,<span class=\"Apple-converted-space\">\u00a0<\/span>premios e queimada.<span class=\"Apple-converted-space\">\u00a0<\/span><\/p>\n<p>O<strong> s\u00e1bado<\/strong> ser\u00e1 o d\u00eda grande dos Premios Fouci\u00f1o. \u00c1s 13:00 horas haber\u00e1 d\u00faas proxecci\u00f3ns: \u201cUn<span class=\"Apple-converted-space\">\u00a0<\/span>peixe \u00e9 un peixe \u00e9 un peixe\u201d, de Marilar Aleixandre e Alberto Pombo; e tam\u00e9n se proxectar\u00e1 a<span class=\"Apple-converted-space\">\u00a0<\/span>curtametraxe realizada durante o obradoiro infantil coincidindo coa campa\u00f1a comercial Punto<span class=\"Apple-converted-space\">\u00a0<\/span>Rojo de Baio, tam\u00e9n organizada polo Concello de Zas e a Asociaci\u00f3n BaiOn. Ademais, o bai\u00e9s<span class=\"Apple-converted-space\">\u00a0<\/span>Alejandro G\u00e1ndara amosar\u00e1 en exclusiva as primeiras imaxes da s\u00faa \u00faltima peza \u2018A costa e os<span class=\"Apple-converted-space\">\u00a0<\/span>castelos\u2019. Para rematar esta primeira cita do d\u00eda actuar\u00e1n Ram\u00f3n Carballo e DJ Trist\u00f3n.<span class=\"Apple-converted-space\">\u00a0<\/span><\/p>\n<p>Xa pola tarde, a partir das 18:00 horas, proxectaranse as doce curtametraxes que participan no<span class=\"Apple-converted-space\">\u00a0<\/span>certame \u2013 seis na categoria xeral e seis na categor\u00eda escolar -. O p\u00fablico ter\u00e1 aqu\u00ed un papel<span class=\"Apple-converted-space\">\u00a0<\/span>relevante xa que emitir\u00e1 as s\u00faas votaci\u00f3ns das curtametraxes e do concurso de escaparates no<span class=\"Apple-converted-space\">\u00a0<\/span>que participaron diferentes establecementos comerciais da vila.<span class=\"Apple-converted-space\">\u00a0<\/span><\/p>\n<p>O fin de festa trasladarase \u00e1 Praza Jorge Mira, onde a partir das 22:00 horas se realizar\u00e1 a<span class=\"Apple-converted-space\">\u00a0<\/span><strong>entrega de premios<\/strong> que estar\u00e1 acompa\u00f1ada dunha <strong>sesi\u00f3n de concertos<\/strong> na que actuar\u00e1n Ant\u00eda<span class=\"Apple-converted-space\">\u00a0<\/span>Mu\u00ed\u00f1o, Ulex, 9Louro e To\u00f1itaDJ.<span class=\"Apple-converted-space\">\u00a0<\/span><\/p>\n<p>O Alcalde de Zas, Manuel Mu\u00ed\u00f1o, destaca a importancia que ten este certame para Baio e para<span class=\"Apple-converted-space\">\u00a0<\/span>todo o municipio: \u201cdetr\u00e1s dos Premios Fouci\u00f1o hai unha grande implicaci\u00f3n tanto da veci\u00f1anza<span class=\"Apple-converted-space\">\u00a0<\/span>e como do tecido comercial, e iso fai que o noso municipio sexa un referente no sector<span class=\"Apple-converted-space\">\u00a0<\/span>audiovisual galego, un espazo no que te\u00f1en cabida tanto profesionais como novos talentos\u201d.<span class=\"Apple-converted-space\">\u00a0<\/span><\/p>\n","protected":false},"excerpt":{"rendered":"<p>Entre ma\u00f1\u00e1 e o s\u00e1bado, Baio ser\u00e1 a capital galega do audiovisual coa\u00a0celebraci\u00f3n da V edici\u00f3n dos Premios Fouci\u00f1o que este ano pon o foco no \u201csocial, no\u00a0innovador e sempre partindo desde o car\u00e1cter local e \u00edntimo das historias que se volven\u00a0universais\u201d, afirman desde a organizaci\u00f3n.\u00a0 Este \u00e9 un festival de curtametraxes no que participan [&hellip;]<\/p>\n","protected":false},"author":5,"featured_media":26940,"comment_status":"open","ping_status":"closed","sticky":false,"template":"","format":"standard","meta":{"slim_seo":{"title":"O festival de curtametraxes Premios Fouci\u00f1o arranca ma\u00f1\u00e1 cunha nova edici\u00f3n m\u00e1is social - Concello de Zas","description":"Entre ma\u00f1\u00e1 e o s\u00e1bado, Baio ser\u00e1 a capital galega do audiovisual coa \u00a0 celebraci\u00f3n da V edici\u00f3n dos Premios Fouci\u00f1o que este ano pon o foco no \u201csocial, no \u00a0 inn"},"footnotes":""},"categories":[413],"tags":[523,375,524,525,417,372],"class_list":["post-26932","post","type-post","status-publish","format-standard","has-post-thumbnail","hentry","category-cultura-e-deportes","tag-audiovisual","tag-baio","tag-curtametraxes","tag-festival","tag-premios-foucino","tag-zas"],"_links":{"self":[{"href":"https:\/\/concellodezas.gal\/es\/wp-json\/wp\/v2\/posts\/26932","targetHints":{"allow":["GET"]}}],"collection":[{"href":"https:\/\/concellodezas.gal\/es\/wp-json\/wp\/v2\/posts"}],"about":[{"href":"https:\/\/concellodezas.gal\/es\/wp-json\/wp\/v2\/types\/post"}],"author":[{"embeddable":true,"href":"https:\/\/concellodezas.gal\/es\/wp-json\/wp\/v2\/users\/5"}],"replies":[{"embeddable":true,"href":"https:\/\/concellodezas.gal\/es\/wp-json\/wp\/v2\/comments?post=26932"}],"version-history":[{"count":1,"href":"https:\/\/concellodezas.gal\/es\/wp-json\/wp\/v2\/posts\/26932\/revisions"}],"predecessor-version":[{"id":28955,"href":"https:\/\/concellodezas.gal\/es\/wp-json\/wp\/v2\/posts\/26932\/revisions\/28955"}],"wp:featuredmedia":[{"embeddable":true,"href":"https:\/\/concellodezas.gal\/es\/wp-json\/wp\/v2\/media\/26940"}],"wp:attachment":[{"href":"https:\/\/concellodezas.gal\/es\/wp-json\/wp\/v2\/media?parent=26932"}],"wp:term":[{"taxonomy":"category","embeddable":true,"href":"https:\/\/concellodezas.gal\/es\/wp-json\/wp\/v2\/categories?post=26932"},{"taxonomy":"post_tag","embeddable":true,"href":"https:\/\/concellodezas.gal\/es\/wp-json\/wp\/v2\/tags?post=26932"}],"curies":[{"name":"wp","href":"https:\/\/api.w.org\/{rel}","templated":true}]}}