{"id":26931,"date":"2025-10-23T15:36:05","date_gmt":"2025-10-23T13:36:05","guid":{"rendered":"https:\/\/concellodezas.gal\/?p=26931"},"modified":"2025-12-22T16:47:09","modified_gmt":"2025-12-22T15:47:09","slug":"castelao-e-as-cantareiras-son-as-protagonistas-dos-proximos-eventos-do-ciclo-literario-e-cultural-follas-de-outono","status":"publish","type":"post","link":"https:\/\/concellodezas.gal\/es\/castelao-e-as-cantareiras-son-as-protagonistas-dos-proximos-eventos-do-ciclo-literario-e-cultural-follas-de-outono\/","title":{"rendered":"Castelao e as Cantareiras son as protagonistas dos pr\u00f3ximos eventos do ciclo literario e cultural \u201cFollas de Outono\u201d"},"content":{"rendered":"<p>Contin\u00faa o <b>ciclo literario e cultural \u201cFollas de Outono\u201d<\/b> con d\u00faas citas que xirar\u00e1n ao redor de Castelao e das Cantareiras.<\/p>\n<p>A pr\u00f3xima parada ser\u00e1 ma\u00f1\u00e1 venres \u00e1s 11:00 horas no CEIP Labarta Pose onde a compa\u00f1\u00eda Migallas Teatro representar\u00e1 a <b>obra de teatro \u201cPegadas de Castelao\u201d<\/b>, coa que lle rendemos homenaxe a esta figura da nosa cultura coindindo co Ano Castelao no que se conmemora o 75 aniversario da s\u00faa morte. Adem\u00e1is, este d\u00eda tam\u00e9n est\u00e1 sinalado no calendario como o D\u00eda das Bibliotecas.<\/p>\n<p>E o domingo, a programaci\u00f3n volve ao Auditorio de Baio a partir das 18:00 horas onde teremos d\u00faas citas. A primeira ser\u00e1 a <b>presentaci\u00f3n do libro \u201cCanta mi\u00f1a compa\u00f1eira. O legado das cantareiras\u201d <\/b>na que estar\u00e1 a propia autora &#8211; Mar\u00eda Lado &#8211; acompa\u00f1ada do Alcalde de Zas, Manuel Mu\u00ed\u00f1o. Adem\u00e1is de falar do seu libro haber\u00e1 un coloquio co p\u00fablico. A continuaci\u00f3n, o alumando do CEIP Labarta Pose representar\u00e1 a <b>obra de teatro \u201cAs ferre\u00f1as (En vivo e en directo)\u201d<\/b>.<\/p>\n<p>O ciclo literario e cultural \u201cFollas de Outono\u201d desenvolvese durante os meses de outubro e novembro coa finalidade de rendirlle tributo \u00e1s cantareiras, que este ano foron as protagonistas do D\u00eda das Letras Galegas e que tan presentes est\u00e1n e estiveron no noso municipio.<span class=\"Apple-converted-space\">\u00a0<\/span><\/p>\n","protected":false},"excerpt":{"rendered":"<p>Mar\u00eda Lado pres\u00e9ntanos este domingo o seu libro \u201cCanta mi\u00f1a compa\u00f1eira. O legado das cantareiras\u201d nun acto que ter\u00e1 lugar a partir das 18:00 horas no Auditorio de Baio<\/p>\n","protected":false},"author":5,"featured_media":26939,"comment_status":"open","ping_status":"closed","sticky":false,"template":"","format":"standard","meta":{"slim_seo":{"title":"Castelao e as Cantareiras son as protagonistas dos pr\u00f3ximos eventos do ciclo literario e cultural \u201cFollas de Outono\u201d - Concello de Zas","description":"Mar\u00eda Lado pres\u00e9ntanos este domingo o seu libro \u201cCanta mi\u00f1a compa\u00f1eira. O legado das cantareiras\u201d nun acto que ter\u00e1 lugar a partir das 18:00 horas no Auditorio"},"footnotes":""},"categories":[413],"tags":[519,520,172,499,521,522,372],"class_list":["post-26931","post","type-post","status-publish","format-standard","has-post-thumbnail","hentry","category-cultura-e-deportes","tag-cantareiras","tag-castelao","tag-concello-de-zas","tag-cultura","tag-follas-de-outono","tag-maria-lado","tag-zas"],"_links":{"self":[{"href":"https:\/\/concellodezas.gal\/es\/wp-json\/wp\/v2\/posts\/26931","targetHints":{"allow":["GET"]}}],"collection":[{"href":"https:\/\/concellodezas.gal\/es\/wp-json\/wp\/v2\/posts"}],"about":[{"href":"https:\/\/concellodezas.gal\/es\/wp-json\/wp\/v2\/types\/post"}],"author":[{"embeddable":true,"href":"https:\/\/concellodezas.gal\/es\/wp-json\/wp\/v2\/users\/5"}],"replies":[{"embeddable":true,"href":"https:\/\/concellodezas.gal\/es\/wp-json\/wp\/v2\/comments?post=26931"}],"version-history":[{"count":1,"href":"https:\/\/concellodezas.gal\/es\/wp-json\/wp\/v2\/posts\/26931\/revisions"}],"predecessor-version":[{"id":28954,"href":"https:\/\/concellodezas.gal\/es\/wp-json\/wp\/v2\/posts\/26931\/revisions\/28954"}],"wp:featuredmedia":[{"embeddable":true,"href":"https:\/\/concellodezas.gal\/es\/wp-json\/wp\/v2\/media\/26939"}],"wp:attachment":[{"href":"https:\/\/concellodezas.gal\/es\/wp-json\/wp\/v2\/media?parent=26931"}],"wp:term":[{"taxonomy":"category","embeddable":true,"href":"https:\/\/concellodezas.gal\/es\/wp-json\/wp\/v2\/categories?post=26931"},{"taxonomy":"post_tag","embeddable":true,"href":"https:\/\/concellodezas.gal\/es\/wp-json\/wp\/v2\/tags?post=26931"}],"curies":[{"name":"wp","href":"https:\/\/api.w.org\/{rel}","templated":true}]}}