{"id":26928,"date":"2025-10-28T15:30:02","date_gmt":"2025-10-28T14:30:02","guid":{"rendered":"https:\/\/concellodezas.gal\/?p=26928"},"modified":"2025-12-22T16:47:09","modified_gmt":"2025-12-22T15:47:09","slug":"zas-celebra-o-samain-cun-campamento-gratuito-para-a-razada-de-3-a-12-anos","status":"publish","type":"post","link":"https:\/\/concellodezas.gal\/es\/zas-celebra-o-samain-cun-campamento-gratuito-para-a-razada-de-3-a-12-anos\/","title":{"rendered":"Zas celebra o Sama\u00edn cun campamento gratu\u00edto para a razada de 3 a 12 anos"},"content":{"rendered":"<p>Con motivo da celebraci\u00f3n do <b>Sama\u00edn <\/b>e co fin de facilitar a conciliaci\u00f3n laboral de todas as familias con nenos e nenas matriculados en calquera dos centros de ensino de educaci\u00f3n infantil e primania do noso municipio, <b>os d\u00edas 31 de outubro e 3 de novembro realizaremos un campamento de Sama\u00edn<\/b>.<span class=\"Apple-converted-space\">\u00a0<\/span><\/p>\n<p>Celebrarase no Centro Sociocultural de Zas en horario de ma\u00f1\u00e1, de 10:00 a 14:00 horas, e ser\u00e1 gratu\u00edto. Para participar \u00e9 necesario anotarse ata o xoves, 30 de outubro, en calquera destes n\u00fameros de tel\u00e9fono: 981 718 056 (de 15:30 a 20:30 horas) ou no 981 708 303 (de 08:00 a 15:00 horas).<\/p>\n<p>O Concello de Zas \u00e9 un dos poucos municipios da zona que ofrece unha alternativa para as familias durante estes d\u00edas non lectivos.<\/p>\n","protected":false},"excerpt":{"rendered":"<p>Ser\u00e1 os d\u00edas 31 de outubro e 3 de novembro no Centro Sociocultural de Zas de 10:00 a 14:00 horasPoder\u00e1 asistir todo o alumnado matriculado en calquera dos centros de ensino de educaci\u00f3n infantil e primaria do noso municipio<\/p>\n","protected":false},"author":5,"featured_media":26936,"comment_status":"open","ping_status":"closed","sticky":false,"template":"","format":"standard","meta":{"slim_seo":{"title":"Zas celebra o Sama\u00edn cun campamento gratu\u00edto para a razada de 3 a 12 anos - Concello de Zas","description":"Ser\u00e1 os d\u00edas 31 de outubro e 3 de novembro no Centro Sociocultural de Zas de 10:00 a 14:00 horasPoder\u00e1 asistir todo o alumnado matriculado en calquera dos centr"},"footnotes":""},"categories":[413],"tags":[514,172,515,516,372],"class_list":["post-26928","post","type-post","status-publish","format-standard","has-post-thumbnail","hentry","category-cultura-e-deportes","tag-campamento","tag-concello-de-zas","tag-conciliacion","tag-samain","tag-zas"],"_links":{"self":[{"href":"https:\/\/concellodezas.gal\/es\/wp-json\/wp\/v2\/posts\/26928","targetHints":{"allow":["GET"]}}],"collection":[{"href":"https:\/\/concellodezas.gal\/es\/wp-json\/wp\/v2\/posts"}],"about":[{"href":"https:\/\/concellodezas.gal\/es\/wp-json\/wp\/v2\/types\/post"}],"author":[{"embeddable":true,"href":"https:\/\/concellodezas.gal\/es\/wp-json\/wp\/v2\/users\/5"}],"replies":[{"embeddable":true,"href":"https:\/\/concellodezas.gal\/es\/wp-json\/wp\/v2\/comments?post=26928"}],"version-history":[{"count":1,"href":"https:\/\/concellodezas.gal\/es\/wp-json\/wp\/v2\/posts\/26928\/revisions"}],"predecessor-version":[{"id":28951,"href":"https:\/\/concellodezas.gal\/es\/wp-json\/wp\/v2\/posts\/26928\/revisions\/28951"}],"wp:featuredmedia":[{"embeddable":true,"href":"https:\/\/concellodezas.gal\/es\/wp-json\/wp\/v2\/media\/26936"}],"wp:attachment":[{"href":"https:\/\/concellodezas.gal\/es\/wp-json\/wp\/v2\/media?parent=26928"}],"wp:term":[{"taxonomy":"category","embeddable":true,"href":"https:\/\/concellodezas.gal\/es\/wp-json\/wp\/v2\/categories?post=26928"},{"taxonomy":"post_tag","embeddable":true,"href":"https:\/\/concellodezas.gal\/es\/wp-json\/wp\/v2\/tags?post=26928"}],"curies":[{"name":"wp","href":"https:\/\/api.w.org\/{rel}","templated":true}]}}