{"id":26925,"date":"2025-10-31T20:00:13","date_gmt":"2025-10-31T19:00:13","guid":{"rendered":"https:\/\/concellodezas.gal\/?p=26925"},"modified":"2025-12-22T16:47:08","modified_gmt":"2025-12-22T15:47:08","slug":"o-centro-sociocultural-de-baio-acolle-unha-nova-exposicion-coas-obras-do-pintor-ismael-galego","status":"publish","type":"post","link":"https:\/\/concellodezas.gal\/es\/o-centro-sociocultural-de-baio-acolle-unha-nova-exposicion-coas-obras-do-pintor-ismael-galego\/","title":{"rendered":"O Centro Sociocultural de Baio acolle unha nova exposici\u00f3n coas obras do pintor Ismael Galego"},"content":{"rendered":"\n<p>O Concello de Zas contin\u00faa coa s\u00faa aposta pola cultura e as artes pl\u00e1sticas cunha nova <b>exposici\u00f3n no Centro Sociocultural de Baio<\/b>.<\/p>\n\n\n\n<p>O pintor Ismael Galego trae as s\u00faas obras nas cales plasma paisaxes e elementos emblem\u00e1ticos do noso pa\u00eds, como h\u00f3rreos, festas, portas, r\u00faas,\u2026 cunha t\u00e9cnica realista. Ismael Galego naceu en Agolada (Pontevedra) e \u00e9 enxe\u00f1eiro de formaci\u00f3n, profesi\u00f3n que exerceu ata o ano 2014. Nese momento comezou a dedicarse \u00e1 pintura, descubrindo unha faceta art\u00edstica que se converter\u00eda na s\u00faa verdadeira paix\u00f3n.<\/p>\n\n\n\n<p>A trav\u00e9s das s\u00faas obras, Ismael Gallego conv\u00eddanos a viaxar polos recunchos m\u00e1is aut\u00e9nticos de Galicia, capturando a beleza da vida coti\u00e1 e o encanto das nosas paisaxes. A s\u00faa pintura \u00e9 unha homenaxe \u00e1 terra, \u00e1 tradicio\u00f3n e \u00e1 mirada curiosa.<\/p>\n\n\n\n<p><b>Inauguraci\u00f3n<\/b><\/p>\n\n\n\n<p>O vindeiro luns, 3 de novembro, \u00e1s 18:00 horas ter\u00e1 lugar a inauguraci\u00f3n da exposici\u00f3n na que estar\u00e1n o propio pintor xunto co Alcalde de Zas, Manuel Mu\u00ed\u00f1o.<span class=\"Apple-converted-space\">&nbsp;<\/span><\/p>\n\n\n\n<p>A mostra poder\u00e1 verse ata o 12 de decembro co seguinte horario de visita:<\/p>\n\n\n\n<ul class=\"wp-block-list\">\n<li>De martes a venres, de 15:30 a 20:30 horas.<\/li>\n\n\n\n<li>S\u00e1bados, de 10:00 a 14:00 horas.<\/li>\n<\/ul>\n\n\n\n<p>Esta \u00e9 a segunda mostra que forma parte do <b>ciclo de exposici\u00f3ns no Centro Sociocultural de Baio<\/b> iniciado este mes de outubro e que se estender\u00e1 ata o mes de maio.<\/p>\n","protected":false},"excerpt":{"rendered":"<p>O vindeiro luns, \u00e1s 18:00 horas, ter\u00e1 lugar a inauguraci\u00f3n desta mostra que se pode visitar ata o 12 de decembro<\/p>\n","protected":false},"author":5,"featured_media":26933,"comment_status":"open","ping_status":"closed","sticky":false,"template":"","format":"standard","meta":{"slim_seo":{"title":"O Centro Sociocultural de Baio acolle unha nova exposici\u00f3n coas obras do pintor Ismael Galego - Concello de Zas","description":"O vindeiro luns, \u00e1s 18:00 horas, ter\u00e1 lugar a inauguraci\u00f3n desta mostra que se pode visitar ata o 12 de decembro"},"footnotes":""},"categories":[413],"tags":[508,172,509,510,372],"class_list":["post-26925","post","type-post","status-publish","format-standard","has-post-thumbnail","hentry","category-cultura-e-deportes","tag-centro-sociocultural-baio","tag-concello-de-zas","tag-exposicion","tag-pintura","tag-zas"],"_links":{"self":[{"href":"https:\/\/concellodezas.gal\/es\/wp-json\/wp\/v2\/posts\/26925","targetHints":{"allow":["GET"]}}],"collection":[{"href":"https:\/\/concellodezas.gal\/es\/wp-json\/wp\/v2\/posts"}],"about":[{"href":"https:\/\/concellodezas.gal\/es\/wp-json\/wp\/v2\/types\/post"}],"author":[{"embeddable":true,"href":"https:\/\/concellodezas.gal\/es\/wp-json\/wp\/v2\/users\/5"}],"replies":[{"embeddable":true,"href":"https:\/\/concellodezas.gal\/es\/wp-json\/wp\/v2\/comments?post=26925"}],"version-history":[{"count":1,"href":"https:\/\/concellodezas.gal\/es\/wp-json\/wp\/v2\/posts\/26925\/revisions"}],"predecessor-version":[{"id":28948,"href":"https:\/\/concellodezas.gal\/es\/wp-json\/wp\/v2\/posts\/26925\/revisions\/28948"}],"wp:featuredmedia":[{"embeddable":true,"href":"https:\/\/concellodezas.gal\/es\/wp-json\/wp\/v2\/media\/26933"}],"wp:attachment":[{"href":"https:\/\/concellodezas.gal\/es\/wp-json\/wp\/v2\/media?parent=26925"}],"wp:term":[{"taxonomy":"category","embeddable":true,"href":"https:\/\/concellodezas.gal\/es\/wp-json\/wp\/v2\/categories?post=26925"},{"taxonomy":"post_tag","embeddable":true,"href":"https:\/\/concellodezas.gal\/es\/wp-json\/wp\/v2\/tags?post=26925"}],"curies":[{"name":"wp","href":"https:\/\/api.w.org\/{rel}","templated":true}]}}