{"id":26915,"date":"2025-10-07T23:35:11","date_gmt":"2025-10-07T21:35:11","guid":{"rendered":"https:\/\/concellodezas.gal\/o-programa-de-madrugadores-continua-a-medrar-e-neste-curso-atende-de-forma-continuada-a-13-nenos-as\/"},"modified":"2025-12-22T16:47:09","modified_gmt":"2025-12-22T15:47:09","slug":"o-programa-de-madrugadores-continua-a-medrar-e-neste-curso-atende-de-forma-continuada-a-13-nenos-as","status":"publish","type":"post","link":"https:\/\/concellodezas.gal\/es\/o-programa-de-madrugadores-continua-a-medrar-e-neste-curso-atende-de-forma-continuada-a-13-nenos-as\/","title":{"rendered":"O programa de Madrugadores contin\u00faa a medrar e neste curso atende de forma continuada a 13 nenos\/as"},"content":{"rendered":"\n<p>O <a href=\"https:\/\/concellodezas.gal\/o-concello-de-zas-pon-en-marcha-o-programa-madrugadores-que-comeza-o-vindeiro-8-de-setembro\/\" title=\"\"><b>programa de Madrugadores<\/b><\/a>, posto en marcha polo Concello de Zas coa colaboraci\u00f3n das ANPAs, segue a medrar e neste curso acad\u00e9mico 2025\/2026 fan uso deste servizo de forma continuada un total de 13 nenos e nenas.<\/p>\n\n\n\n<p>Este \u00e9 o terceiro ano que o Concello de Zas ofrece este servizo no CEIP Labarta Pose e no CPI de Zas e que ten como finalidade facilitar a conciliaci\u00f3n laboral e familiar da nosa veci\u00f1anza.<\/p>\n\n\n\n<p>As familias poden facer uso deste servizo de forma continuada que se ofrece todos os d\u00edas lectivos en horario de 07:30 a 09:30 horas. Tam\u00e9n se pode usar de forma temporal (por meses ou semanas) ou de xeito ocasional (un ou varios d\u00edas concretos). Para as familias, este servizo ten un custo de 20\u20ac\/mes, 6\u20ac se se usa s\u00f3 por semanas e de 2\u20ac por d\u00edas soltos. Hai reducci\u00f3ns para o 2\u00ba fillo\/a e seguintes e para as familias monoparentais. O resto dos gastos do persoal cualificado que atende a rapazada antes do horario lectivo est\u00e1 financiado polo Concello de Zas.<\/p>\n","protected":false},"excerpt":{"rendered":"<p>Este \u00e9 un servizo posto en marcha polo Concello de Zas, coa colaboraci\u00f3n das ANPAs, que ten como finalidade facilitar a conciliaci\u00f3n laboral e familiar da nosa veci\u00f1anza<\/p>\n","protected":false},"author":5,"featured_media":26916,"comment_status":"open","ping_status":"closed","sticky":false,"template":"","format":"standard","meta":{"slim_seo":{"title":"O programa de Madrugadores contin\u00faa a medrar e neste curso atende de forma continuada a 13 nenos\/as - Concello de Zas","description":"Este \u00e9 un servizo posto en marcha polo Concello de Zas, coa colaboraci\u00f3n das ANPAs, que ten como finalidade facilitar a conciliaci\u00f3n laboral e familiar da nosa"},"footnotes":""},"categories":[412,570],"tags":[172,506,507,372],"class_list":["post-26915","post","type-post","status-publish","format-standard","has-post-thumbnail","hentry","category-servizos-sociais","category-sin-categorizar","tag-concello-de-zas","tag-educacion","tag-programa-madrugadores","tag-zas"],"_links":{"self":[{"href":"https:\/\/concellodezas.gal\/es\/wp-json\/wp\/v2\/posts\/26915","targetHints":{"allow":["GET"]}}],"collection":[{"href":"https:\/\/concellodezas.gal\/es\/wp-json\/wp\/v2\/posts"}],"about":[{"href":"https:\/\/concellodezas.gal\/es\/wp-json\/wp\/v2\/types\/post"}],"author":[{"embeddable":true,"href":"https:\/\/concellodezas.gal\/es\/wp-json\/wp\/v2\/users\/5"}],"replies":[{"embeddable":true,"href":"https:\/\/concellodezas.gal\/es\/wp-json\/wp\/v2\/comments?post=26915"}],"version-history":[{"count":1,"href":"https:\/\/concellodezas.gal\/es\/wp-json\/wp\/v2\/posts\/26915\/revisions"}],"predecessor-version":[{"id":28958,"href":"https:\/\/concellodezas.gal\/es\/wp-json\/wp\/v2\/posts\/26915\/revisions\/28958"}],"wp:featuredmedia":[{"embeddable":true,"href":"https:\/\/concellodezas.gal\/es\/wp-json\/wp\/v2\/media\/26916"}],"wp:attachment":[{"href":"https:\/\/concellodezas.gal\/es\/wp-json\/wp\/v2\/media?parent=26915"}],"wp:term":[{"taxonomy":"category","embeddable":true,"href":"https:\/\/concellodezas.gal\/es\/wp-json\/wp\/v2\/categories?post=26915"},{"taxonomy":"post_tag","embeddable":true,"href":"https:\/\/concellodezas.gal\/es\/wp-json\/wp\/v2\/tags?post=26915"}],"curies":[{"name":"wp","href":"https:\/\/api.w.org\/{rel}","templated":true}]}}