{"id":26911,"date":"2025-10-20T00:01:54","date_gmt":"2025-10-19T22:01:54","guid":{"rendered":"https:\/\/concellodezas.gal\/marta-villar-e-unha-sorte-que-un-concello-tan-pequeno-como-o-de-zas-sexa-un-referente-cultural\/"},"modified":"2025-12-22T16:47:09","modified_gmt":"2025-12-22T15:47:09","slug":"marta-villar-e-unha-sorte-que-un-concello-tan-pequeno-como-o-de-zas-sexa-un-referente-cultural","status":"publish","type":"post","link":"https:\/\/concellodezas.gal\/es\/marta-villar-e-unha-sorte-que-un-concello-tan-pequeno-como-o-de-zas-sexa-un-referente-cultural\/","title":{"rendered":"Marta Villar: \u201c\u00c9 unha sorte que un concello tan pequeno como o de Zas sexa un referente cultural\u201d"},"content":{"rendered":"\n<p>O Auditorio de Baio acolleu o pasado s\u00e1bado a <b>presentaci\u00f3n do libro \u201cDetective Ferruchi\u201d<\/b>, da malpicana Marta Villar e que foi a novela ga\u00f1adora da <a href=\"https:\/\/www.xerais.gal\/noticia\/marta-villar-raquel-fernandez-fernandez-e-abel-tome-premios-xerais-2024\/\">XLI edici\u00f3n dos Premios Xerais<\/a>. \u201cHab\u00eda tempo que non o pasaba tan ben\u201d, atreviuse a decir unha das asistentes despois dunha amena hora e media de presentaci\u00f3n desta novela na que se mistura o humor coa denuncia social. A Concelleira de Educaci\u00f3n, Pilar Garcia, encargouse de presentar o acto.<\/p>\n\n\n\n<p>\u201cAnimo a calquera persoa a que lea calquera tipo de literatura pero a de Marta Villar \u00e9 especial xa que escribe cuns c\u00f3digos que entendemos todos e todas perfectamente\u201d, sinalou o xornalista bai\u00e9s Xurxo S\u00e1nchez que acompa\u00f1ou \u00e1 escritora durante a presentacion do libro.<span class=\"Apple-converted-space\">&nbsp;<\/span><\/p>\n\n\n\n<p>Cun encontro moi pr\u00f3ximo e ameno, Marta Villar debullou alg\u00fans dos detalles de \u201cDetective Ferruchi\u201d no que hai m\u00e1is de 70 personaxes diferentes e que na gran maior\u00eda son reais. Esta \u00e9 unha novela na que se narra a historia de Sol Cort\u00e9s, quen decide darlle un xiro \u00e1 s\u00faa vida laboral volvendo \u00e1 s\u00faa vila natal onde se ve envolta na investigaci\u00f3n dun crime. A trav\u00e9s da s\u00faa novela, Marta convida ao lector a reflexionar sobre temas como a violencia machista, as cooperativas que traballaron para multinacionais da moda, a menopausia,\u2026 Temas co\u00f1ecidos por todos e todas e que deron p\u00e9 a que alg\u00fans dos asistentes contaran historias que co\u00f1ec\u00edan de primeira man.<span class=\"Apple-converted-space\">&nbsp;<\/span><\/p>\n\n\n\n<p>Marta Villar aproveitou para dar as grazas polo convite destacou que \u201c\u00e9 unha sorte que un concello tan pequeno como o de Zas sexa un referente cultural\u201d grazas \u00e1 completa programaci\u00f3n organizada polo Concello as\u00ed como todos os eventos culturais organizados por diferentes entidades co apoio municipal. Durante a presentaci\u00f3n, Marta Villar adiantou que en breve \u201cDetective Ferruchi\u201d ter\u00e1 a s\u00faa versi\u00f3n en castel\u00e1n.<span class=\"Apple-converted-space\">&nbsp;<\/span><\/p>\n\n\n\n<p><b>Follas de Outono<\/b><\/p>\n\n\n\n<p>Esta foi a terceira cita do<a href=\"https:\/\/concellodezas.org\/follas-de-outono-un-ciclo-cultural-ao-redor-da-literatura-que-se-celebra-en-baio-do-4-de-outubro-ao-16-de-novembro\/\"><b> ciclo \u201cFollas de Outono\u201d<\/b><\/a> que est\u00e1 a ter un gran \u00e9xito e que converte a Baio nun dos referentes culturais e literarios da Costa da Morte.<span class=\"Apple-converted-space\">&nbsp;<\/span><\/p>\n\n\n\n<p>A programaci\u00f3n contin\u00faa a vindeira semana con d\u00faas citas. Unha ser\u00e1 o venres, d\u00eda 24, coa representaci\u00f3n de <b>\u201cPegadas de Castelao\u201d,<\/b> que realizar\u00e1 Migallas Teatro no CEIP Labarta Pose. Unha cita que coincide coa conmemoraci\u00f3n do D\u00eda das Bibliotecas e co que tam\u00e9n se pretente homenaxear a figura de Castelao cando se cumplen 75 anos da s\u00faa morte.<\/p>\n\n\n\n<p>Xa o domingo, d\u00eda 26, o Auditorio de Baio acolle outras d\u00faas citas. Primeiro, Mar\u00eda Lado presentaranos o seu<b> libro \u201cCanta mi\u00f1a compa\u00f1eira. O legado das cantareiras\u201d<\/b> \u00e1s 18:00 horas. E a continuaci\u00f3n, o alumnado do CEIP Labarta Pose representar\u00e1 a <b>obra teatral \u201cCantareiras\u201d<\/b>.<\/p>\n","protected":false},"excerpt":{"rendered":"<p>O pasado s\u00e1bado presentou o seu libro \u201cDetective Ferruchi\u201d no marco do ciclo literario e cultural \u201cFollas de Outono\u201d<\/p>\n","protected":false},"author":5,"featured_media":26912,"comment_status":"open","ping_status":"closed","sticky":false,"template":"","format":"standard","meta":{"slim_seo":{"title":"Marta Villar: \u201c\u00c9 unha sorte que un concello tan pequeno como o de Zas sexa un referente cultural\u201d - Concello de Zas","description":"O pasado s\u00e1bado presentou o seu libro \u201cDetective Ferruchi\u201d no marco do ciclo literario e cultural \u201cFollas de Outono\u201d"},"footnotes":""},"categories":[413],"tags":[500,501,502,503,372],"class_list":["post-26911","post","type-post","status-publish","format-standard","has-post-thumbnail","hentry","category-cultura-e-deportes","tag-detective-ferruchi","tag-literatura","tag-marta-villar","tag-outono","tag-zas"],"_links":{"self":[{"href":"https:\/\/concellodezas.gal\/es\/wp-json\/wp\/v2\/posts\/26911","targetHints":{"allow":["GET"]}}],"collection":[{"href":"https:\/\/concellodezas.gal\/es\/wp-json\/wp\/v2\/posts"}],"about":[{"href":"https:\/\/concellodezas.gal\/es\/wp-json\/wp\/v2\/types\/post"}],"author":[{"embeddable":true,"href":"https:\/\/concellodezas.gal\/es\/wp-json\/wp\/v2\/users\/5"}],"replies":[{"embeddable":true,"href":"https:\/\/concellodezas.gal\/es\/wp-json\/wp\/v2\/comments?post=26911"}],"version-history":[{"count":1,"href":"https:\/\/concellodezas.gal\/es\/wp-json\/wp\/v2\/posts\/26911\/revisions"}],"predecessor-version":[{"id":28956,"href":"https:\/\/concellodezas.gal\/es\/wp-json\/wp\/v2\/posts\/26911\/revisions\/28956"}],"wp:featuredmedia":[{"embeddable":true,"href":"https:\/\/concellodezas.gal\/es\/wp-json\/wp\/v2\/media\/26912"}],"wp:attachment":[{"href":"https:\/\/concellodezas.gal\/es\/wp-json\/wp\/v2\/media?parent=26911"}],"wp:term":[{"taxonomy":"category","embeddable":true,"href":"https:\/\/concellodezas.gal\/es\/wp-json\/wp\/v2\/categories?post=26911"},{"taxonomy":"post_tag","embeddable":true,"href":"https:\/\/concellodezas.gal\/es\/wp-json\/wp\/v2\/tags?post=26911"}],"curies":[{"name":"wp","href":"https:\/\/api.w.org\/{rel}","templated":true}]}}