{"id":26738,"date":"2025-10-07T06:36:14","date_gmt":"2025-10-07T04:36:14","guid":{"rendered":"https:\/\/concellodezas.gal\/?p=26738"},"modified":"2025-12-22T16:47:09","modified_gmt":"2025-12-22T15:47:09","slug":"40-anos-de-badius-o-5o-libro-editado-polo-concello-de-zas-que-recolle-a-historia-deste-grupo-de-teatro-afeccionado","status":"publish","type":"post","link":"https:\/\/concellodezas.gal\/es\/40-anos-de-badius-o-5o-libro-editado-polo-concello-de-zas-que-recolle-a-historia-deste-grupo-de-teatro-afeccionado\/","title":{"rendered":"40 anos de Badius; o 5\u00ba libro editado polo Concello de Zas que recolle a historia deste grupo de teatro afeccionado"},"content":{"rendered":"\n<p>M\u00e1is de 100 persoas&nbsp;&nbsp;\u2013 entre actores, actrices, t\u00e9cnicos e colaboradores \u2013 da zona, m\u00e1is de 40 obras representadas, centos e centos de quil\u00f3metros percorridos, unha xira a Su\u00edza, a colaboraci\u00f3ns coa Mostra de Teatro Afeccionado Labarta Pose e ducias e ducias de espectadores rindo sen parar son alg\u00fans dos datos que resumen a historia de \u201cBadius\u201d e est\u00e1n recollidos no libro&nbsp;<strong>\u201cBadius: Historia dun grupo de teatro afeccionado (1984-2024)\u201d&nbsp;<\/strong>que se presentou o pasado s\u00e1bado no Auditorio de Baio.&nbsp;<\/p>\n\n\n\n<p>Este foi o primeiro acto do&nbsp;<strong>programa FOLLAS DE OUTONO<\/strong>; un ciclo cultural ao redor da literatura organizado polo Concello de Zas e que se prolongar\u00e1 durante os meses de outubro e novembro. E este \u00e9 o quinto libro editado polo Concello de Zas como unha mostra m\u00e1is da aposta do Goberno Municipal pola posta en valor da nosa historia, das nosa xente e do noso patrimonio.&nbsp;<\/p>\n\n\n\n<figure class=\"wp-block-image size-large\"><img fetchpriority=\"high\" decoding=\"async\" width=\"1024\" height=\"768\" src=\"https:\/\/concellodezas.gal\/wp-content\/uploads\/2025\/10\/presentacion-libro-badius2-1024x768.jpg\" alt=\"Presentacion libro badius2\" class=\"wp-image-26739\" srcset=\"https:\/\/concellodezas.gal\/wp-content\/uploads\/2025\/10\/presentacion-libro-badius2-1024x768.jpg 1024w, https:\/\/concellodezas.gal\/wp-content\/uploads\/2025\/10\/presentacion-libro-badius2-300x225.jpg 300w, https:\/\/concellodezas.gal\/wp-content\/uploads\/2025\/10\/presentacion-libro-badius2-768x576.jpg 768w, https:\/\/concellodezas.gal\/wp-content\/uploads\/2025\/10\/presentacion-libro-badius2.jpg 1280w\" sizes=\"(max-width: 1024px) 100vw, 1024px\" \/><figcaption class=\"wp-element-caption\">presentacion libro badius2<\/figcaption><\/figure>\n\n\n\n<p>Manuel Mu\u00ed\u00f1o, Alcalde de Zas, tivo palabras de agradecemento para o autor do libro \u2013 Ricardo Vigueret \u2013 e recordou o fervor cultural da \u00e9poca na que se consolidou Badius, a comezos dos anos 80, que coincidiu coas primeiras edici\u00f3ns da Festa da Carballeira de Zas. \u201cTantos anos despois seguen a ser dous referentes culturais de grande importancia para o noso Concello e polos que se sempre apostamos\u201d, sinalou Mu\u00ed\u00f1o quen tam\u00e9n recordou os seus inicios sobre un escenario como actor de Badius.<\/p>\n\n\n\n<p>Ricardo Vigueret \u2013 autor do libro e director de Badius durante toda a s\u00faa andadura, xunto con Alberto Villar, \u2013 fixo unha viaxe no tempo para repasar os 40 anos da historia de Badius que se recollen neste volume no que as fotograf\u00edas ocupan un lugar moi importante. \u201cForon 40 anos de risas, de bromas,\u2026 dentro e f\u00f3ra do escenario. Unha viaxe chea de moi bos momentos\u201d, sinalou Ricardo. \u201cBadius \u00e9 a familia do teatro a que s\u00ed escollemos. Esa familia que marcou unha etapa nas nosas vidas\u201d, recalcou. En varias ocasi\u00f3ns, Ricardo Vigueret reivindicou \u201co D\u00eda das Letras para Labarta Pose\u201d a quen Badius ten moi presente na s\u00faa historia con varias obras adaptadas e representadas. \u201cEstamos preparando unha nova obra de teatro de Labarta Pose que estrearemos o ano no que se lle adique o D\u00eda das Letras Galegas\u201d, adiantou.<\/p>\n\n\n\n<p>O autor do libro tam\u00e9n quixo agradecer a todas as persoas que fixeron que Badius se mantivese vivo durante todos estes anos nos que pasaron por malos momentos, como a pandemia.&nbsp;<\/p>\n\n\n\n<p>Acompa\u00f1ado dun caloroso aplauso a intervenci\u00f3n de Ricardo Vigueret rematou cun \u201cQue viva a risa e que viva Badius\u201d. A presentaci\u00f3n pechouse cunha gran foto de familia con todos os actores e actrices presentes no acto.&nbsp;<\/p>\n\n\n\n<p>O libro poder\u00e1 descargarse a trav\u00e9s desta p\u00e1xina web e tam\u00e9n formar\u00e1 parte dos regalos institucionais do Concello de Zas.<\/p>\n","protected":false},"excerpt":{"rendered":"<p>M\u00e1is de 100 persoas&nbsp;&nbsp;\u2013 entre actores, actrices, t\u00e9cnicos e colaboradores \u2013 da zona, m\u00e1is de 40 obras representadas, centos e centos de quil\u00f3metros percorridos, unha xira a Su\u00edza, a colaboraci\u00f3ns coa Mostra de Teatro Afeccionado Labarta Pose e ducias e ducias de espectadores rindo sen parar son alg\u00fans dos datos que resumen a historia de [&hellip;]<\/p>\n","protected":false},"author":5,"featured_media":26742,"comment_status":"open","ping_status":"closed","sticky":false,"template":"","format":"standard","meta":{"slim_seo":{"title":"40 anos de Badius; o 5\u00ba libro editado polo Concello de Zas que recolle a historia deste grupo de teatro afeccionado - Concello de Zas","description":"M\u00e1is de 100 persoas&nbsp;&nbsp;\u2013 entre actores, actrices, t\u00e9cnicos e colaboradores \u2013 da zona, m\u00e1is de 40 obras representadas, centos e centos de quil\u00f3metros per"},"footnotes":""},"categories":[413],"tags":[496,497],"class_list":["post-26738","post","type-post","status-publish","format-standard","has-post-thumbnail","hentry","category-cultura-e-deportes","tag-badius","tag-teatro"],"_links":{"self":[{"href":"https:\/\/concellodezas.gal\/es\/wp-json\/wp\/v2\/posts\/26738","targetHints":{"allow":["GET"]}}],"collection":[{"href":"https:\/\/concellodezas.gal\/es\/wp-json\/wp\/v2\/posts"}],"about":[{"href":"https:\/\/concellodezas.gal\/es\/wp-json\/wp\/v2\/types\/post"}],"author":[{"embeddable":true,"href":"https:\/\/concellodezas.gal\/es\/wp-json\/wp\/v2\/users\/5"}],"replies":[{"embeddable":true,"href":"https:\/\/concellodezas.gal\/es\/wp-json\/wp\/v2\/comments?post=26738"}],"version-history":[{"count":1,"href":"https:\/\/concellodezas.gal\/es\/wp-json\/wp\/v2\/posts\/26738\/revisions"}],"predecessor-version":[{"id":28959,"href":"https:\/\/concellodezas.gal\/es\/wp-json\/wp\/v2\/posts\/26738\/revisions\/28959"}],"wp:featuredmedia":[{"embeddable":true,"href":"https:\/\/concellodezas.gal\/es\/wp-json\/wp\/v2\/media\/26742"}],"wp:attachment":[{"href":"https:\/\/concellodezas.gal\/es\/wp-json\/wp\/v2\/media?parent=26738"}],"wp:term":[{"taxonomy":"category","embeddable":true,"href":"https:\/\/concellodezas.gal\/es\/wp-json\/wp\/v2\/categories?post=26738"},{"taxonomy":"post_tag","embeddable":true,"href":"https:\/\/concellodezas.gal\/es\/wp-json\/wp\/v2\/tags?post=26738"}],"curies":[{"name":"wp","href":"https:\/\/api.w.org\/{rel}","templated":true}]}}