{"id":24924,"date":"2022-03-17T15:32:02","date_gmt":"2022-03-17T14:32:02","guid":{"rendered":"https:\/\/concellodezas.gal\/o-concello-de-zas-pon-en-marcha-unha-nova-campana-de-trampeo-da-vespa-velutina-coa-colaboracion-da-vecinanza\/"},"modified":"2025-09-25T11:54:17","modified_gmt":"2025-09-25T09:54:17","slug":"o-concello-de-zas-pon-en-marcha-unha-nova-campana-de-trampeo-da-vespa-velutina-coa-colaboracion-da-vecinanza","status":"publish","type":"post","link":"https:\/\/concellodezas.gal\/es\/o-concello-de-zas-pon-en-marcha-unha-nova-campana-de-trampeo-da-vespa-velutina-coa-colaboracion-da-vecinanza\/","title":{"rendered":"O Concello de Zas pon en marcha unha nova campa\u00f1a de trampeo da vespa velutina coa colaboraci\u00f3n da veci\u00f1anza"},"content":{"rendered":"<p><em>Esta ma\u00f1\u00e1 xa se repartiron unhas 75 trampas durante a presentaci\u00f3n que tivo lugar no Centro Sociocultural de Zas<\/em><br \/>\u00a0<\/p>\n<p>\u00a0<\/p>\n<p>Un ano m\u00e1is no Concello de Zas prant\u00e1moslle cara \u00e1 vespa velutina cunha nova <strong>campa\u00f1a de trampeo <\/strong>que se v\u00e9n de po\u00f1er en marcha coa colaboraci\u00f3n da veci\u00f1anza e que se realizar\u00e1 durante os meses de marzo, abril e maio, \u00e9poca na que as ra\u00ed\u00f1as despertan do seu letargo invernal e comezan a facer os ni\u00f1os.<\/p>\n<p>\u201cEsta \u00e9poca \u00e9 clave para loitar contra esta praga\u201d, asegurou Isidro Rodr\u00edguez, reponsable da empresa Plaguiber, durante a presentaci\u00f3n da capa\u00f1a que tivo lugar esta ma\u00f1\u00e1 no Centro Sociocultural de Zas. Polo que dende o Concello de Zas entendemos que a colaboraci\u00f3n da veci\u00f1anza \u00e9 fundamental para capturar o maior n\u00famero posible de ra\u00ed\u00f1as e evitar a formaci\u00f3n doutros tantos ni\u00f1os. \u201c<strong>Observamos que a campa\u00f1a \u00e9 moito m\u00e1is efectiva coa colaboraci\u00f3n da veci\u00f1anza, <\/strong>un xesto que temos que agradecervos dende o Concello de Zas\u201d, sinalou o Alcalde, Manuel Mu\u00ed\u00f1o. Despois da presentaci\u00f3n repart\u00edronse xa unhas 75 trampas entre os asistentes co seu correspondente l\u00edquido atra\u00ednte para o vindeiros meses pero aquelas persoas que non puideron asistir poden achegarse calquera d\u00eda da semana ao Centro Sociocultural de Zas en horario de ma\u00f1\u00e1 para recoller as trampas e colocalas preferiblemente en zonas onde haxa camelias.<\/p>\n<p>Dende o Concello de Zas levarase un rexistro do n\u00famero de trampas instaladas pola veci\u00f1anza e cada quince d\u00edas deber\u00e1n informar sobre as ra\u00ed\u00f1as capturadas. Adem\u00e1is, instalaranse outras 80 trampas en lugares sensibles como os paseos fluviais, os exteriores dos centros educativos, nas Torres do Allo, entre outros.<\/p>\n<p>Tal e como sinalou o representante da empresa responsable da campa\u00f1a, \u201co ideal ser\u00eda que o n\u00famero de colaboradores se incrementase e que se reducisen o n\u00famero de capturas, xa que iso ser\u00eda un indicador de que a praga se est\u00e1 a controlar\u201d. Os datos son cando menos alarmantes xa que s\u00f3 <a href=\"..\/..\/..\/portal-cidadan\/noticia\/gl\/1124\/n\">no 2021 captur\u00e1ronse grazas \u00e1 colaboraci\u00f3n de veci\u00f1os e veci\u00f1as de todo o municipio algo m\u00e1is de 9.000 ra\u00ed\u00f1as<\/a>.<span class=\"Apple-converted-space\">\u00a0<\/span><\/p>\n<p>Segundo se explicou, a partir deste momento comezar\u00e1n a aparecer os ni\u00f1os primarios, polo que os avisos para a s\u00faa retirada deben realizarse no <strong>n\u00famero de tel\u00e9fono 012<\/strong>, da Xunta de Galicia.<span class=\"Apple-converted-space\">\u00a0<\/span><\/p>\n<p>\u00a0<\/p>\n","protected":false},"excerpt":{"rendered":"<p>Esta ma\u00f1\u00e1 xa se repartiron unhas 75 trampas durante a presentaci\u00f3n que tivo lugar no Centro Sociocultural de Zas\u00a0 \u00a0 Un ano m\u00e1is no Concello de Zas prant\u00e1moslle cara \u00e1 vespa velutina cunha nova campa\u00f1a de trampeo que se v\u00e9n de po\u00f1er en marcha coa colaboraci\u00f3n da veci\u00f1anza e que se realizar\u00e1 durante os meses [&hellip;]<\/p>\n","protected":false},"author":3,"featured_media":24925,"comment_status":"open","ping_status":"closed","sticky":false,"template":"","format":"standard","meta":{"slim_seo":{"title":"O Concello de Zas pon en marcha unha nova campa\u00f1a de trampeo da vespa velutina coa colaboraci\u00f3n da veci\u00f1anza - Concello de Zas","description":"Esta ma\u00f1\u00e1 xa se repartiron unhas 75 trampas durante a presentaci\u00f3n que tivo lugar no Centro Sociocultural de Zas \u00a0 \u00a0 Un ano m\u00e1is no Concello de Zas prant\u00e1moslle"},"footnotes":""},"categories":[10],"tags":[],"class_list":["post-24924","post","type-post","status-publish","format-standard","has-post-thumbnail","hentry","category-concello"],"_links":{"self":[{"href":"https:\/\/concellodezas.gal\/es\/wp-json\/wp\/v2\/posts\/24924","targetHints":{"allow":["GET"]}}],"collection":[{"href":"https:\/\/concellodezas.gal\/es\/wp-json\/wp\/v2\/posts"}],"about":[{"href":"https:\/\/concellodezas.gal\/es\/wp-json\/wp\/v2\/types\/post"}],"author":[{"embeddable":true,"href":"https:\/\/concellodezas.gal\/es\/wp-json\/wp\/v2\/users\/3"}],"replies":[{"embeddable":true,"href":"https:\/\/concellodezas.gal\/es\/wp-json\/wp\/v2\/comments?post=24924"}],"version-history":[{"count":0,"href":"https:\/\/concellodezas.gal\/es\/wp-json\/wp\/v2\/posts\/24924\/revisions"}],"wp:featuredmedia":[{"embeddable":true,"href":"https:\/\/concellodezas.gal\/es\/wp-json\/wp\/v2\/media\/24925"}],"wp:attachment":[{"href":"https:\/\/concellodezas.gal\/es\/wp-json\/wp\/v2\/media?parent=24924"}],"wp:term":[{"taxonomy":"category","embeddable":true,"href":"https:\/\/concellodezas.gal\/es\/wp-json\/wp\/v2\/categories?post=24924"},{"taxonomy":"post_tag","embeddable":true,"href":"https:\/\/concellodezas.gal\/es\/wp-json\/wp\/v2\/tags?post=24924"}],"curies":[{"name":"wp","href":"https:\/\/api.w.org\/{rel}","templated":true}]}}