{"id":24838,"date":"2021-10-30T17:47:30","date_gmt":"2021-10-30T15:47:30","guid":{"rendered":"https:\/\/concellodezas.gal\/xogos-a-traves-das-redes-sociais-e-obradoiros-infantis-para-celebrar-o-mes-do-patrimonio\/"},"modified":"2025-09-25T11:53:38","modified_gmt":"2025-09-25T09:53:38","slug":"xogos-a-traves-das-redes-sociais-e-obradoiros-infantis-para-celebrar-o-mes-do-patrimonio","status":"publish","type":"post","link":"https:\/\/concellodezas.gal\/es\/xogos-a-traves-das-redes-sociais-e-obradoiros-infantis-para-celebrar-o-mes-do-patrimonio\/","title":{"rendered":"Xogos a trav\u00e9s das redes sociais e obradoiros infant\u00eds para celebrar o Mes do Patrimonio"},"content":{"rendered":"<p><em>As actividades est\u00e1n organizadas polo Concello de Zas a trav\u00e9s da \u00e1rea de Patrimonio<\/em><\/p>\n<p>\u00a0<\/p>\n<p>O vindeiro 16 de novembro cel\u00e9brase o D\u00eda Internacional do Patrimonio Mundial e co gallo desta data o Concello de Zas, a trav\u00e9s da \u00e1rea de Patrimonio, v\u00e9n de organizar un programa de actividades que se levar\u00e1n a cabo durante todo o mes de novembro e que est\u00e1n dirixidas a toda a veci\u00f1anza.<\/p>\n<p>As actividades comezan xa o luns, d\u00eda 1 de novembro, cun <strong>xogo que se realizar\u00e1 a trav\u00e9s das redes sociais do Concello de Zas<\/strong> e co que se po\u00f1er\u00e1n a proba os co\u00f1ecementos da nosa veci\u00f1anza adem\u00e1is de darlle valor ao noso patriminio. Cada semana centraremonos nun tipo de patrimonio (arquitect\u00f3nico, natural, arqueol\u00f3xico e inmaterial) e a din\u00e1mica ser\u00e1 sempre a mesma: polas ma\u00f1\u00e1ns publicarase o elemento ou elementos a resolver e a \u00faltima hora do d\u00eda a s\u00faa soluci\u00f3n. Para iso empregaremos diferentes tipos de xogos: imaxes encubertas, sopas de letras, relacionar lugares, cruzadas e frases a completar.<span class=\"Apple-converted-space\">\u00a0<\/span><\/p>\n<p><strong>Obradoiros infant\u00eds para descubrir o noso patrimonio<\/strong><\/p>\n<p>Por outra banda, xa est\u00e1n abertas as inscici\u00f3ns para participar nos diferentes obradoiros infantis que se realizar\u00e1n os s\u00e1bados do mes de novembro de 16:00 a 18:00 horas. Baixo o lema \u201cDescubrindo o patrimonio de Zas\u201d os m\u00e1is novos descubrir\u00e1n unha boa parte do patrimonio do noso concello dunha forma divertida e moi entretida. Primeiro realizar\u00e1n un paseo polo lugar e a continuaci\u00f3n realizar\u00e1n un obradoiro manual sobre a tem\u00e1tica que traballaran.<span class=\"Apple-converted-space\">\u00a0<\/span><\/p>\n<p>O primeiro obradoiro leva por t\u00edtulo <strong>\u201cQue fai un edificio coma ti, nun sitio coma este?\u201d. <\/strong>O punto de encontro ser\u00e1 \u00e1s 16:00 horas no Centro Sociocultural de Zas e dende aqu\u00ed partir\u00e1 o paseo por Zas para co\u00f1ecer a s\u00faa arquitectura m\u00e1is destacada. A sesi\u00f3n remata cun obradoiro manual<\/p>\n<p>O 13 de novembro descubriremos o patrominio natural do noso muncipio a trav\u00e9s da xornada <strong>\u201cQuen vive nesta carballeira?\u201d<\/strong>. Desprazar\u00e9monos ata a \u00e1rea recreativa de Pedra Vix\u00eda e al\u00ed estar\u00e1n membros da Asociaci\u00f3n Ambiental Senda Nova.<\/p>\n<p>O seguinte s\u00e1bado, d\u00eda 20, realizaremos o obradoiro <strong>\u201cAve Grandimiro! Os arque\u00f3logos sa\u00fadanche\u201d qu<\/strong>e consisten en viaxar ata Brandomil para co\u00f1ecer os seus segredos arqueol\u00f3xicos e po\u00f1eremos en pr\u00e1ctica o aprendido.<\/p>\n<p>Esta actividade rema co obradoiro <strong>\u201cRecorda o que eu recordo\u201d <\/strong>que est\u00e1 aberta a todos os p\u00fablicos e que se realizar\u00e1 o 27 de novembro \u00e1s 16:00 horas nas Torres do Allo.<span class=\"Apple-converted-space\">\u00a0<\/span><\/p>\n<p>Para asistir a calquera destes obradoiros \u00e9 necesario anotarse antes no Centro Sociocutural de Zas (981 751 398) ou no Centro Sociocultural de Baio (981 718 056).<\/p>\n<p>\u00a0<\/p>\n","protected":false},"excerpt":{"rendered":"<p>As actividades est\u00e1n organizadas polo Concello de Zas a trav\u00e9s da \u00e1rea de Patrimonio \u00a0 O vindeiro 16 de novembro cel\u00e9brase o D\u00eda Internacional do Patrimonio Mundial e co gallo desta data o Concello de Zas, a trav\u00e9s da \u00e1rea de Patrimonio, v\u00e9n de organizar un programa de actividades que se levar\u00e1n a cabo durante [&hellip;]<\/p>\n","protected":false},"author":3,"featured_media":24839,"comment_status":"open","ping_status":"closed","sticky":false,"template":"","format":"standard","meta":{"slim_seo":{"title":"Xogos a trav\u00e9s das redes sociais e obradoiros infant\u00eds para celebrar o Mes do Patrimonio - Concello de Zas","description":"As actividades est\u00e1n organizadas polo Concello de Zas a trav\u00e9s da \u00e1rea de Patrimonio \u00a0 O vindeiro 16 de novembro cel\u00e9brase o D\u00eda Internacional do Patrimonio Mun"},"footnotes":""},"categories":[10],"tags":[],"class_list":["post-24838","post","type-post","status-publish","format-standard","has-post-thumbnail","hentry","category-concello"],"_links":{"self":[{"href":"https:\/\/concellodezas.gal\/es\/wp-json\/wp\/v2\/posts\/24838","targetHints":{"allow":["GET"]}}],"collection":[{"href":"https:\/\/concellodezas.gal\/es\/wp-json\/wp\/v2\/posts"}],"about":[{"href":"https:\/\/concellodezas.gal\/es\/wp-json\/wp\/v2\/types\/post"}],"author":[{"embeddable":true,"href":"https:\/\/concellodezas.gal\/es\/wp-json\/wp\/v2\/users\/3"}],"replies":[{"embeddable":true,"href":"https:\/\/concellodezas.gal\/es\/wp-json\/wp\/v2\/comments?post=24838"}],"version-history":[{"count":0,"href":"https:\/\/concellodezas.gal\/es\/wp-json\/wp\/v2\/posts\/24838\/revisions"}],"wp:featuredmedia":[{"embeddable":true,"href":"https:\/\/concellodezas.gal\/es\/wp-json\/wp\/v2\/media\/24839"}],"wp:attachment":[{"href":"https:\/\/concellodezas.gal\/es\/wp-json\/wp\/v2\/media?parent=24838"}],"wp:term":[{"taxonomy":"category","embeddable":true,"href":"https:\/\/concellodezas.gal\/es\/wp-json\/wp\/v2\/categories?post=24838"},{"taxonomy":"post_tag","embeddable":true,"href":"https:\/\/concellodezas.gal\/es\/wp-json\/wp\/v2\/tags?post=24838"}],"curies":[{"name":"wp","href":"https:\/\/api.w.org\/{rel}","templated":true}]}}