{"id":24814,"date":"2021-09-11T15:47:34","date_gmt":"2021-09-11T13:47:34","guid":{"rendered":"https:\/\/concellodezas.gal\/os-vehiculos-agricolas-que-traballen-na-campana-de-ensilado-do-millo-poderan-circular-a-partir-do-16-de-setembro-pola-via-vg-1-5\/"},"modified":"2025-09-25T11:53:22","modified_gmt":"2025-09-25T09:53:22","slug":"os-vehiculos-agricolas-que-traballen-na-campana-de-ensilado-do-millo-poderan-circular-a-partir-do-16-de-setembro-pola-via-vg-1-5","status":"publish","type":"post","link":"https:\/\/concellodezas.gal\/es\/os-vehiculos-agricolas-que-traballen-na-campana-de-ensilado-do-millo-poderan-circular-a-partir-do-16-de-setembro-pola-via-vg-1-5\/","title":{"rendered":"Os veh\u00edculos agr\u00edcolas que traballen na campa\u00f1a de ensilado do millo poder\u00e1n circular a partir do 16 de setembro pola v\u00eda VG-1.5"},"content":{"rendered":"<p><em>A circulaci\u00f3n por este tramo alternativo ser\u00e1 unicamente en horario diurno e cumprindo en todo o momento as normas de circulaci\u00f3n deste tipo de veh\u00edculos<\/em><br \/>\u00a0<\/p>\n<p>\u00a0<\/p>\n<p>Con motivos das obras de ampliaci\u00f3n da ponte de Baio e tras o estudo de diferentes alternativas, a Direcci\u00f3n Xeral de Tr\u00e1fico v\u00e9n de autorizar o <strong>uso alternativo da v\u00eda VG-1.5 Baio-Santa Irene para aqueles veh\u00edculos agr\u00edcolas que traballen na campa\u00f1a de ensilado do millo<\/strong>. A norma farase efectiva a partir do d\u00eda <strong>16 de setembro<\/strong> e a circulaci\u00f3n deste tipo de veh\u00edculos estar\u00e1 unicamente permitida entre os puntos quilom\u00e9tricos 60+100 e 62+650.<\/p>\n<p>As\u00ed, os veh\u00edculos circular\u00e1n por esta v\u00eda unicamente en horario diurno, en condici\u00f3ns de luminosidade natural que permitan a visibilidade para os dem\u00e1is usuarios do vial. De forma habitual, a circulaci\u00f3n de veh\u00edculos agr\u00edcolas por esta v\u00eda est\u00e1 prohibida polo que durante a campa\u00f1a de ensilado do millo taparase a sinalizaci\u00f3n que o proh\u00edbe co fin de evitar confusi\u00f3ns.<span class=\"Apple-converted-space\">\u00a0<\/span><\/p>\n<p>Os veh\u00edculos agr\u00edcolas deber\u00e1n cumplir, en todo momento, as normas de circulaci\u00f3n propias de ditos veh\u00edculos, especialmente o alumeado reglamentario e comprobar sempre o seu correcto funcionamento, as\u00ed como circular coa sinalizaci\u00f3n de posici\u00f3n e cruce, coa finalidade de ser visibles para o resto de usuarios da v\u00eda, debido \u00e1 velocidade menor de circulaci\u00f3n. A DXT establecer\u00e1 dispositivos especiais para o control do cumprimento de ditas medidas de circulaci\u00f3n coa finalidade de garantir a seguridade e a fluidez do tr\u00e1fico.<span class=\"Apple-converted-space\">\u00a0<\/span><\/p>\n","protected":false},"excerpt":{"rendered":"<p>A circulaci\u00f3n por este tramo alternativo ser\u00e1 unicamente en horario diurno e cumprindo en todo o momento as normas de circulaci\u00f3n deste tipo de veh\u00edculos\u00a0 \u00a0 Con motivos das obras de ampliaci\u00f3n da ponte de Baio e tras o estudo de diferentes alternativas, a Direcci\u00f3n Xeral de Tr\u00e1fico v\u00e9n de autorizar o uso alternativo da [&hellip;]<\/p>\n","protected":false},"author":3,"featured_media":24815,"comment_status":"open","ping_status":"closed","sticky":false,"template":"","format":"standard","meta":{"slim_seo":{"title":"Os veh\u00edculos agr\u00edcolas que traballen na campa\u00f1a de ensilado do millo poder\u00e1n circular a partir do 16 de setembro pola v\u00eda VG-1.5 - Concello de Zas","description":"A circulaci\u00f3n por este tramo alternativo ser\u00e1 unicamente en horario diurno e cumprindo en todo o momento as normas de circulaci\u00f3n deste tipo de veh\u00edculos \u00a0 \u00a0 Co"},"footnotes":""},"categories":[10],"tags":[],"class_list":["post-24814","post","type-post","status-publish","format-standard","has-post-thumbnail","hentry","category-concello"],"_links":{"self":[{"href":"https:\/\/concellodezas.gal\/es\/wp-json\/wp\/v2\/posts\/24814","targetHints":{"allow":["GET"]}}],"collection":[{"href":"https:\/\/concellodezas.gal\/es\/wp-json\/wp\/v2\/posts"}],"about":[{"href":"https:\/\/concellodezas.gal\/es\/wp-json\/wp\/v2\/types\/post"}],"author":[{"embeddable":true,"href":"https:\/\/concellodezas.gal\/es\/wp-json\/wp\/v2\/users\/3"}],"replies":[{"embeddable":true,"href":"https:\/\/concellodezas.gal\/es\/wp-json\/wp\/v2\/comments?post=24814"}],"version-history":[{"count":0,"href":"https:\/\/concellodezas.gal\/es\/wp-json\/wp\/v2\/posts\/24814\/revisions"}],"wp:featuredmedia":[{"embeddable":true,"href":"https:\/\/concellodezas.gal\/es\/wp-json\/wp\/v2\/media\/24815"}],"wp:attachment":[{"href":"https:\/\/concellodezas.gal\/es\/wp-json\/wp\/v2\/media?parent=24814"}],"wp:term":[{"taxonomy":"category","embeddable":true,"href":"https:\/\/concellodezas.gal\/es\/wp-json\/wp\/v2\/categories?post=24814"},{"taxonomy":"post_tag","embeddable":true,"href":"https:\/\/concellodezas.gal\/es\/wp-json\/wp\/v2\/tags?post=24814"}],"curies":[{"name":"wp","href":"https:\/\/api.w.org\/{rel}","templated":true}]}}