{"id":24792,"date":"2021-08-30T16:41:21","date_gmt":"2021-08-30T14:41:21","guid":{"rendered":"https:\/\/concellodezas.gal\/o-alcalde-de-zas-trasladalle-a-portavoz-do-bng-o-malestar-da-vecinanza-polo-peche-da-oficina-de-abanca-da-vila\/"},"modified":"2025-09-25T11:53:14","modified_gmt":"2025-09-25T09:53:14","slug":"o-alcalde-de-zas-trasladalle-a-portavoz-do-bng-o-malestar-da-vecinanza-polo-peche-da-oficina-de-abanca-da-vila","status":"publish","type":"post","link":"https:\/\/concellodezas.gal\/es\/o-alcalde-de-zas-trasladalle-a-portavoz-do-bng-o-malestar-da-vecinanza-polo-peche-da-oficina-de-abanca-da-vila\/","title":{"rendered":"O Alcalde de Zas trasl\u00e1dalle \u00e1 portavoz do BNG o malestar da veci\u00f1anza polo peche da oficina de Abanca da vila"},"content":{"rendered":"<p><em>Manuel Mu\u00ed\u00f1o mantivo esta ma\u00f1\u00e1 en Santiago de Compostela un encontro con Ana Pont\u00f3n e con outros representantes do Bloque no Parlamento Galego<\/em><\/p>\n<p>\u00a0<\/p>\n<p>O Alcalde de Zas, Manuel Mu\u00ed\u00f1o Espasand\u00edn, mantivo esta ma\u00f1\u00e1 en Santiago de Compostela un encontro coa portavoz nacional do BNG, Ana Pont\u00f3n, no que lle trasladou o malestar da veci\u00f1anza polo <strong>peche da oficina de Abanca de Zas<\/strong> previsto para o vindeiro 8 de setembro. Este peche, unido aos das oficinas de Ba\u00ed\u00f1as<span class=\"Apple-converted-space\">\u00a0 <\/span>&#8211; no Concello de Vimianzo &#8211; e de A Ba\u00f1a, afecta directamente a 10.000 persoas de toda a comarca. Durante o encontro, Mu\u00ed\u00f1o expuso a<a href=\"..\/..\/..\/portal-cidadan\/noticia\/gl\/1139\/n\"> bater\u00eda de acci\u00f3ns conxuntas que os tres concellos est\u00e1n a levar a cabo<\/a> dende o momento en que co\u00f1eceron a nova a trav\u00e9s dos empregados da entidade ou ben da veci\u00f1anza.<\/p>\n<p>\u201cEste \u00e9 claramente un novo episodio de abandono do rural que implica perda de servizos, a perda dese trato directo que recibe o cliente e afecta de negativamente na econom\u00eda local\u201d, explicou rexedor de Zas.<\/p>\n<p>Co\u00f1ecedora da situaci\u00f3n de exclusi\u00f3n financeira na que se atopan nestes momentos unha gran cantidade de concellos galegos, Ana Pont\u00f3n comprometeuse a trasladar todas as inquedanzas ao Parlamento Galego a trav\u00e9s de diferentes iniciativas. As\u00ed mesmo, Pont\u00f3n manifestou o seu malestar por estes peches que afectan a toda Galicia e que perxudican fundamentalmente a pensionistas, un dos grupos de poboaci\u00f3n nos que existe unha maior fenda dixital.<span class=\"Apple-converted-space\">\u00a0<\/span><\/p>\n<p>O BNG &#8211; Bloque Nacionalista Galego &#8211; xa presentou en diferentes ocasi\u00f3ns varias iniciativas ante o Parlamento Galego, onde \u00e9 o segundo grupo con maior representaci\u00f3n, en defensa dunha banca p\u00fablica que favoreza os intereses da veci\u00f1anza en lugar de favorecer os intereses econ\u00f3micos dunha empresa que os leve a tomar este tipo de decisi\u00f3ns. Neste sentido, o Bloque pediu xa en varias ocasi\u00f3ns ao Goberno de Alberto N\u00fa\u00f1ez Feij\u00f3o a s\u00faa intervenci\u00f3n.<\/p>\n<p>Ao encontro asistiron tam\u00e9n outros representantes do BNG no Parlamento Galego, entre eles: Mercedes Queixas, portavoz de Cultura e que atende a comarca de A Coru\u00f1a e As Mari\u00f1as; Mon Fern\u00e1ndez Alfonzo, portavoz de Industria que cubre Ferrolterra, Eume e Ortegal; e Daniel P\u00e9rez, portavoz de Emprego e Turismo e que representa \u00e1s comarcas de Berganti\u00f1os e a Costa da Morte no hemiciclo Galego. \u201cO BNG quere un banco p\u00fablico mentras que o PP protexe e benefica \u00e1 banca privada que foi desmantela despois de que o Goberno a rescatase con 9.000 mill\u00f3ns de euros de di\u00f1eiro p\u00fablico e malvendida por mil mill\u00f3ns que a empresa xa recuperou no primeiro ano\u201d, manifestaron.<span class=\"Apple-converted-space\">\u00a0<\/span><\/p>\n<p>\u00a0<\/p>\n<p><strong>Manifestaci\u00f3n do 2 de setembro<\/strong><\/p>\n<p>Por outra parte, o Alcalde de Zas recordou durante o encontro que o Concellos de Zas, Vimianzo e Aba\u00f1a convocaron para o vindeiro xoves, <a href=\"..\/..\/..\/portal-cidadan\/noticia\/gl\/1148\/n\"><strong>2 de setembro, \u00e1s 11:30 horas unha manifestaci\u00f3n diante da sede de Abanca na Coru\u00f1a<\/strong> <\/a>e na que est\u00e1 confirmada a participaci\u00f3n de veci\u00f1os e veci\u00f1as dos tres municipios as\u00ed como doutros concellos lim\u00edtrofes afectados por estes peches.<\/p>\n<p>Os tres deputados do BNG que asistiron ao encontro desta ma\u00f1\u00e1 confirmaron que apoiar\u00e1n esta convocatoria coa s\u00faa presenza.<span class=\"Apple-converted-space\">\u00a0<\/span><\/p>\n<p>\u00a0<\/p>\n","protected":false},"excerpt":{"rendered":"<p>Manuel Mu\u00ed\u00f1o mantivo esta ma\u00f1\u00e1 en Santiago de Compostela un encontro con Ana Pont\u00f3n e con outros representantes do Bloque no Parlamento Galego \u00a0 O Alcalde de Zas, Manuel Mu\u00ed\u00f1o Espasand\u00edn, mantivo esta ma\u00f1\u00e1 en Santiago de Compostela un encontro coa portavoz nacional do BNG, Ana Pont\u00f3n, no que lle trasladou o malestar da veci\u00f1anza [&hellip;]<\/p>\n","protected":false},"author":3,"featured_media":24793,"comment_status":"open","ping_status":"closed","sticky":false,"template":"","format":"standard","meta":{"slim_seo":{"title":"O Alcalde de Zas trasl\u00e1dalle \u00e1 portavoz do BNG o malestar da veci\u00f1anza polo peche da oficina de Abanca da vila - Concello de Zas","description":"Manuel Mu\u00ed\u00f1o mantivo esta ma\u00f1\u00e1 en Santiago de Compostela un encontro con Ana Pont\u00f3n e con outros representantes do Bloque no Parlamento Galego \u00a0 O Alcalde de Za"},"footnotes":""},"categories":[10],"tags":[],"class_list":["post-24792","post","type-post","status-publish","format-standard","has-post-thumbnail","hentry","category-concello"],"_links":{"self":[{"href":"https:\/\/concellodezas.gal\/es\/wp-json\/wp\/v2\/posts\/24792","targetHints":{"allow":["GET"]}}],"collection":[{"href":"https:\/\/concellodezas.gal\/es\/wp-json\/wp\/v2\/posts"}],"about":[{"href":"https:\/\/concellodezas.gal\/es\/wp-json\/wp\/v2\/types\/post"}],"author":[{"embeddable":true,"href":"https:\/\/concellodezas.gal\/es\/wp-json\/wp\/v2\/users\/3"}],"replies":[{"embeddable":true,"href":"https:\/\/concellodezas.gal\/es\/wp-json\/wp\/v2\/comments?post=24792"}],"version-history":[{"count":0,"href":"https:\/\/concellodezas.gal\/es\/wp-json\/wp\/v2\/posts\/24792\/revisions"}],"wp:featuredmedia":[{"embeddable":true,"href":"https:\/\/concellodezas.gal\/es\/wp-json\/wp\/v2\/media\/24793"}],"wp:attachment":[{"href":"https:\/\/concellodezas.gal\/es\/wp-json\/wp\/v2\/media?parent=24792"}],"wp:term":[{"taxonomy":"category","embeddable":true,"href":"https:\/\/concellodezas.gal\/es\/wp-json\/wp\/v2\/categories?post=24792"},{"taxonomy":"post_tag","embeddable":true,"href":"https:\/\/concellodezas.gal\/es\/wp-json\/wp\/v2\/tags?post=24792"}],"curies":[{"name":"wp","href":"https:\/\/api.w.org\/{rel}","templated":true}]}}