{"id":24734,"date":"2021-04-28T12:43:52","date_gmt":"2021-04-28T10:43:52","guid":{"rendered":"https:\/\/concellodezas.gal\/capturadas-mais-de-3000-vespas-velutinas-en-quince-dias-grazas-a-colaboracion-dos-apicultores-e-da-vecinanza-2\/"},"modified":"2025-09-25T11:52:42","modified_gmt":"2025-09-25T09:52:42","slug":"capturadas-mais-de-3000-vespas-velutinas-en-quince-dias-grazas-a-colaboracion-dos-apicultores-e-da-vecinanza-2","status":"publish","type":"post","link":"https:\/\/concellodezas.gal\/es\/capturadas-mais-de-3000-vespas-velutinas-en-quince-dias-grazas-a-colaboracion-dos-apicultores-e-da-vecinanza-2\/","title":{"rendered":"Capturadas m\u00e1is de 3000 vespas velutinas en quince d\u00edas grazas \u00e1 colaboraci\u00f3n dos apicultores e da veci\u00f1anza"},"content":{"rendered":"<p><em>Os expertos sinalan que probablemente se trate de ra\u00ed\u00f1as fundadoras polo que se evitar\u00e1 a formaci\u00f3n doutros tantos ni\u00f1os<\/em><br \/>\u00a0<\/p>\n<p>\u00a0<\/p>\n<p>Nos \u00faltimos quince d\u00edas capturaronse <strong>3134 vespas velutinas<\/strong> grazas \u00e1 <a href=\"..\/..\/..\/portal-cidadan\/noticia\/gl\/1106\/n\">campa\u00f1a de trampeo posta en marcha polo Concello de Zas<\/a>. As cifras, que reflicten a magnitude do problema, son moi superiores \u00e1s das campa\u00f1as anteriores debido \u00e1 colaboraci\u00f3n da veci\u00f1anza. A campa\u00f1a de trampeo contra vespa velutina arrancou no pasado mes de marzo coa colaboraci\u00f3n de m\u00e1is de 120 veci\u00f1os e veci\u00f1as de todas as parroquias e dos apicultores o cal fixo que se aumentara considerablemente o n\u00famero de trampas distribu\u00eddas polas 16 parroquias que forman o noso municipio.<\/p>\n<p>Dende a empresa encargada do control desta campa\u00f1a &#8211; Plaguiber &#8211; sinalan que todas estas capturas son, con toda a probabilidade, de ra\u00ed\u00f1as fundadoras polo que se evitar\u00e1 a formaci\u00f3n doutros tantos ni\u00f1os.<span class=\"Apple-converted-space\">\u00a0<\/span><\/p>\n<p>Adem\u00e1is das trampas instaladas pola veci\u00f1anza e polos apilcutores tam\u00e9n se colocaron naqueles puntos m\u00e1is sensibles e onde se localizaron ni\u00f1os nos anos anteriores como nas beiras dos r\u00edos ou nas zonas con \u00e1rbores en flor. Todas as trampas &#8211; que se renovan cada quince d\u00edas &#8211; est\u00e1n sinalizadas co logo do Concello de Zas e xeolocalizadas co fin de que podamos ver cales son as zonas de maior incidencia desta praga.<span class=\"Apple-converted-space\">\u00a0<\/span><\/p>\n<p>O Alcalde de Zas, Manuel Mu\u00ed\u00f1o Espasand\u00edn, agradece a colaboraci\u00f3n da veci\u00f1anza e dos apicultores na loita contra esta praga. As\u00ed mesmo recorda que este \u00e9 o cuarto ano consecutivo que o noso municipio pon en marcha esta campa\u00f1a co fin de erradicar esta especie invasora. Todas as campa\u00f1as foron financiadas con fondos municipais cando &#8211; segundo sinala Manuel Mu\u00ed\u00f1o &#8211; \u201ceste \u00e9 un problema que afecta a toda a comunidade e que deber\u00eda controlarse dende a Xunta de Galicia\u201d.<span class=\"Apple-converted-space\">\u00a0<\/span><\/p>\n<p>\u00a0<\/p>\n","protected":false},"excerpt":{"rendered":"<p>Os expertos sinalan que probablemente se trate de ra\u00ed\u00f1as fundadoras polo que se evitar\u00e1 a formaci\u00f3n doutros tantos ni\u00f1os\u00a0 \u00a0 Nos \u00faltimos quince d\u00edas capturaronse 3134 vespas velutinas grazas \u00e1 campa\u00f1a de trampeo posta en marcha polo Concello de Zas. As cifras, que reflicten a magnitude do problema, son moi superiores \u00e1s das campa\u00f1as anteriores [&hellip;]<\/p>\n","protected":false},"author":3,"featured_media":24735,"comment_status":"open","ping_status":"closed","sticky":false,"template":"","format":"standard","meta":{"slim_seo":{"title":"Capturadas m\u00e1is de 3000 vespas velutinas en quince d\u00edas grazas \u00e1 colaboraci\u00f3n dos apicultores e da veci\u00f1anza - Concello de Zas","description":"Os expertos sinalan que probablemente se trate de ra\u00ed\u00f1as fundadoras polo que se evitar\u00e1 a formaci\u00f3n doutros tantos ni\u00f1os \u00a0 \u00a0 Nos \u00faltimos quince d\u00edas capturarons"},"footnotes":""},"categories":[10],"tags":[],"class_list":["post-24734","post","type-post","status-publish","format-standard","has-post-thumbnail","hentry","category-concello"],"_links":{"self":[{"href":"https:\/\/concellodezas.gal\/es\/wp-json\/wp\/v2\/posts\/24734","targetHints":{"allow":["GET"]}}],"collection":[{"href":"https:\/\/concellodezas.gal\/es\/wp-json\/wp\/v2\/posts"}],"about":[{"href":"https:\/\/concellodezas.gal\/es\/wp-json\/wp\/v2\/types\/post"}],"author":[{"embeddable":true,"href":"https:\/\/concellodezas.gal\/es\/wp-json\/wp\/v2\/users\/3"}],"replies":[{"embeddable":true,"href":"https:\/\/concellodezas.gal\/es\/wp-json\/wp\/v2\/comments?post=24734"}],"version-history":[{"count":0,"href":"https:\/\/concellodezas.gal\/es\/wp-json\/wp\/v2\/posts\/24734\/revisions"}],"wp:featuredmedia":[{"embeddable":true,"href":"https:\/\/concellodezas.gal\/es\/wp-json\/wp\/v2\/media\/24735"}],"wp:attachment":[{"href":"https:\/\/concellodezas.gal\/es\/wp-json\/wp\/v2\/media?parent=24734"}],"wp:term":[{"taxonomy":"category","embeddable":true,"href":"https:\/\/concellodezas.gal\/es\/wp-json\/wp\/v2\/categories?post=24734"},{"taxonomy":"post_tag","embeddable":true,"href":"https:\/\/concellodezas.gal\/es\/wp-json\/wp\/v2\/tags?post=24734"}],"curies":[{"name":"wp","href":"https:\/\/api.w.org\/{rel}","templated":true}]}}