{"id":24633,"date":"2020-09-03T12:45:04","date_gmt":"2020-09-03T10:45:04","guid":{"rendered":"https:\/\/concellodezas.gal\/o-concello-de-zas-amplia-o-programa-veran-cultural-ao-mes-de-setembro\/"},"modified":"2025-09-25T11:51:54","modified_gmt":"2025-09-25T09:51:54","slug":"o-concello-de-zas-amplia-o-programa-veran-cultural-ao-mes-de-setembro","status":"publish","type":"post","link":"https:\/\/concellodezas.gal\/es\/o-concello-de-zas-amplia-o-programa-veran-cultural-ao-mes-de-setembro\/","title":{"rendered":"O Concello de Zas ampl\u00eda o programa \u201cVer\u00e1n Cultural\u201d ao mes de setembro"},"content":{"rendered":"<p><em>A programaci\u00f3n contin\u00faa este s\u00e1bado co concerto de Caama\u00f1o e Ameixeiras na Ponte de Brandomil<\/em><br \/>\u00a0<\/p>\n<p>\u00a0<\/p>\n<p>O Concello de Zas, a trav\u00e9s do seu departamento de Cultura, ampl\u00eda ao mes de setembro o programa <strong>Ver\u00e1n Cultural 2020<\/strong> con espect\u00e1culos para todos os p\u00fablicos. Como sempre, todos os actos son de balde e para asistir \u00e9 necesario reservar a entrada previamente.<\/p>\n<p>A programaci\u00f3n contin\u00faa este s\u00e1bado, 5 de setembo, na Ponte de Brandomil onde o <strong>d\u00fao Caama\u00f1o-Ameixeiras <\/strong>ofrecer\u00e1 un concerto previsto para o 15 de agosto e que tivo que adiarse a causa do mal tempo. A cita comeza \u00e1s 20:30 horas.<\/p>\n<p>A seguinte cita ser\u00e1 o 13 de setembro, d\u00eda no que a Praza do Concello ser\u00e1 o escenario para a estrea do <strong>filme \u201cMar\u00eda Solinha\u201d<\/strong> &#8211; dirixida por Ignacio Vilar -. A pel\u00edcula reconstr\u00fae a historia da vi\u00fava Mar\u00eda Soli\u00f1a \u00e1 que acusaron de bruxer\u00eda. Entre o elenco est\u00e1n Santi Prego, Antonio Dur\u00e1n, Mabel Rivera ademais das actrices protagonista Grial Montes e Laura M\u00edguez. A proxecci\u00f3n comeza \u00e1s 21:30 horas.<span class=\"Apple-converted-space\">\u00a0<\/span><\/p>\n<p><strong>\u201cDoroth\u00e9 na vila\u201d <\/strong>\u00e9 o nome do documental que se proxectar\u00e1 o 19 de setembro, \u00e1s 21:30 horas, nas Torres do Allo. Neste traballo Alejandro G\u00e1ndara e Olaia Tub\u00edo recollen as historia de vida que hai detr\u00e1s do cancioneiro popular galego que recolleron Doroth\u00e9 Schubarth e Ant\u00f3n Santamarina.<span class=\"Apple-converted-space\">\u00a0<\/span><\/p>\n<p>A programaci\u00f3n do Ver\u00e1n Cultural 2020 remata o s\u00e1bado 26 de setembro coa <strong>Ruta da Auga<\/strong>. A sa\u00edda ser\u00e1 \u00e1s 10:00 horas dende a Praza do Concello de Zas e dende al\u00ed achegar\u00e9monos a alg\u00fans dos espazos naturais m\u00e1is destacados do noso municipio.<\/p>\n<p>\u00a0<\/p>\n<p><strong>Entradas<\/strong><\/p>\n<p>En todos os espect\u00e1culos \u00e9 obrigatorio o uso de m\u00e1scara e as entradas son de balde con reserva ata completar aforo. As reservas p\u00f3dense facer de luns a venres en horario de 9:00 a 14:00 horas a trav\u00e9s dos n\u00fameros de tel\u00e9fono 981 751 398 \/ 981 718 056. Todas as actividades est\u00e1n organizadas polo Concello de Zas en colaboraci\u00f3n coa Deputaci\u00f3n da Coru\u00f1a.<span class=\"Apple-converted-space\">\u00a0<\/span><\/p>\n","protected":false},"excerpt":{"rendered":"<p>A programaci\u00f3n contin\u00faa este s\u00e1bado co concerto de Caama\u00f1o e Ameixeiras na Ponte de Brandomil\u00a0 \u00a0 O Concello de Zas, a trav\u00e9s do seu departamento de Cultura, ampl\u00eda ao mes de setembro o programa Ver\u00e1n Cultural 2020 con espect\u00e1culos para todos os p\u00fablicos. Como sempre, todos os actos son de balde e para asistir \u00e9 [&hellip;]<\/p>\n","protected":false},"author":3,"featured_media":24634,"comment_status":"open","ping_status":"closed","sticky":false,"template":"","format":"standard","meta":{"slim_seo":{"title":"O Concello de Zas ampl\u00eda o programa \u201cVer\u00e1n Cultural\u201d ao mes de setembro - Concello de Zas","description":"A programaci\u00f3n contin\u00faa este s\u00e1bado co concerto de Caama\u00f1o e Ameixeiras na Ponte de Brandomil \u00a0 \u00a0 O Concello de Zas, a trav\u00e9s do seu departamento de Cultura, am"},"footnotes":""},"categories":[10],"tags":[],"class_list":["post-24633","post","type-post","status-publish","format-standard","has-post-thumbnail","hentry","category-concello"],"_links":{"self":[{"href":"https:\/\/concellodezas.gal\/es\/wp-json\/wp\/v2\/posts\/24633","targetHints":{"allow":["GET"]}}],"collection":[{"href":"https:\/\/concellodezas.gal\/es\/wp-json\/wp\/v2\/posts"}],"about":[{"href":"https:\/\/concellodezas.gal\/es\/wp-json\/wp\/v2\/types\/post"}],"author":[{"embeddable":true,"href":"https:\/\/concellodezas.gal\/es\/wp-json\/wp\/v2\/users\/3"}],"replies":[{"embeddable":true,"href":"https:\/\/concellodezas.gal\/es\/wp-json\/wp\/v2\/comments?post=24633"}],"version-history":[{"count":0,"href":"https:\/\/concellodezas.gal\/es\/wp-json\/wp\/v2\/posts\/24633\/revisions"}],"wp:featuredmedia":[{"embeddable":true,"href":"https:\/\/concellodezas.gal\/es\/wp-json\/wp\/v2\/media\/24634"}],"wp:attachment":[{"href":"https:\/\/concellodezas.gal\/es\/wp-json\/wp\/v2\/media?parent=24633"}],"wp:term":[{"taxonomy":"category","embeddable":true,"href":"https:\/\/concellodezas.gal\/es\/wp-json\/wp\/v2\/categories?post=24633"},{"taxonomy":"post_tag","embeddable":true,"href":"https:\/\/concellodezas.gal\/es\/wp-json\/wp\/v2\/tags?post=24633"}],"curies":[{"name":"wp","href":"https:\/\/api.w.org\/{rel}","templated":true}]}}