{"id":24631,"date":"2020-09-02T17:44:45","date_gmt":"2020-09-02T15:44:45","guid":{"rendered":"https:\/\/concellodezas.gal\/comeza-a-campana-de-limpeza-nas-16-parroquias-do-concello-de-zas\/"},"modified":"2025-09-25T11:51:54","modified_gmt":"2025-09-25T09:51:54","slug":"comeza-a-campana-de-limpeza-nas-16-parroquias-do-concello-de-zas","status":"publish","type":"post","link":"https:\/\/concellodezas.gal\/es\/comeza-a-campana-de-limpeza-nas-16-parroquias-do-concello-de-zas\/","title":{"rendered":"Comeza a campa\u00f1a de limpeza nas 16 parroquias do Concello de Zas"},"content":{"rendered":"<p><em>O Concello de Zas destina uns 50.000 euros dos seus fondos municipais para a contrataci\u00f3n dunha brigada que se encargar\u00e1 de realizar os traballos<\/em><br \/>\u00a0<\/p>\n<p>\u00a0<\/p>\n<p>Continuando coa <strong>campa\u00f1a de hixienizaci\u00f3n e desinfecci\u00f3n das beirrar\u00faas<span class=\"Apple-converted-space\">\u00a0 <\/span>e espazoa p\u00fablicos dos n\u00facleos de Zas e de Baio<\/strong>, o Concello de Zas v\u00e9n de po\u00f1er en marcha unha nova campa\u00f1a de limpeza que nesta ocasi\u00f3n est\u00e9ndese aos dem\u00e1is n\u00facleos de poboaci\u00f3n que forman o municipio.<\/p>\n<p>Para a realizaci\u00f3n destes traballos, que se levar\u00e1n a cabo nos vindeiros catro meses, o Concello de Zas destina uns 50.000 euros dos fondos municipais \u00e1 contrataci\u00f3n dunha brigada formada por nove persoas. Esta actuaci\u00f3n incl\u00fae o desbroce de cunetas, limpeza do mobiliario urbano e das beirarr\u00faas, entre outros. A campa\u00f1a iniciouse na parroquia de Meanos, onde xa se acondicionaron os lugares de Langueir\u00f3n e Vila.<\/p>\n<p><strong>Limpeza e desinfecci\u00f3n de beirarr\u00faas<\/strong><\/p>\n<p>Esta acci\u00f3n \u00e9 a continuidade da campa\u00f1a de hixienizaci\u00f3n e desinfecci\u00f3n de beirarr\u00faas e espazos p\u00fablicos dos diferentes n\u00facleos do noso municipio que se iniciou no pasado mes de xu\u00f1o. Os traballos, que os desenvolveron usuarios da Asociaci\u00f3n Aspaber, iniciar\u00f3nse nos n\u00facleos de Baio e de Zas.<span class=\"Apple-converted-space\">\u00a0<\/span><\/p>\n<p>Nestas tarefas empregouse un limpador org\u00e1nico totalmente respectuoso co medio ambiente. A composici\u00f3n deste produto natural \u00e9 a base de \u00e1cidos org\u00e1nicos d\u00e9biles e biodegradables que desinfectan e acaban coas malas herbas.<span class=\"Apple-converted-space\">\u00a0<\/span><\/p>\n<p>\u00a0<\/p>\n","protected":false},"excerpt":{"rendered":"<p>O Concello de Zas destina uns 50.000 euros dos seus fondos municipais para a contrataci\u00f3n dunha brigada que se encargar\u00e1 de realizar os traballos\u00a0 \u00a0 Continuando coa campa\u00f1a de hixienizaci\u00f3n e desinfecci\u00f3n das beirrar\u00faas\u00a0 e espazoa p\u00fablicos dos n\u00facleos de Zas e de Baio, o Concello de Zas v\u00e9n de po\u00f1er en marcha unha nova [&hellip;]<\/p>\n","protected":false},"author":3,"featured_media":24632,"comment_status":"open","ping_status":"closed","sticky":false,"template":"","format":"standard","meta":{"slim_seo":{"title":"Comeza a campa\u00f1a de limpeza nas 16 parroquias do Concello de Zas - Concello de Zas","description":"O Concello de Zas destina uns 50.000 euros dos seus fondos municipais para a contrataci\u00f3n dunha brigada que se encargar\u00e1 de realizar os traballos \u00a0 \u00a0 Continuand"},"footnotes":""},"categories":[10],"tags":[],"class_list":["post-24631","post","type-post","status-publish","format-standard","has-post-thumbnail","hentry","category-concello"],"_links":{"self":[{"href":"https:\/\/concellodezas.gal\/es\/wp-json\/wp\/v2\/posts\/24631","targetHints":{"allow":["GET"]}}],"collection":[{"href":"https:\/\/concellodezas.gal\/es\/wp-json\/wp\/v2\/posts"}],"about":[{"href":"https:\/\/concellodezas.gal\/es\/wp-json\/wp\/v2\/types\/post"}],"author":[{"embeddable":true,"href":"https:\/\/concellodezas.gal\/es\/wp-json\/wp\/v2\/users\/3"}],"replies":[{"embeddable":true,"href":"https:\/\/concellodezas.gal\/es\/wp-json\/wp\/v2\/comments?post=24631"}],"version-history":[{"count":0,"href":"https:\/\/concellodezas.gal\/es\/wp-json\/wp\/v2\/posts\/24631\/revisions"}],"wp:featuredmedia":[{"embeddable":true,"href":"https:\/\/concellodezas.gal\/es\/wp-json\/wp\/v2\/media\/24632"}],"wp:attachment":[{"href":"https:\/\/concellodezas.gal\/es\/wp-json\/wp\/v2\/media?parent=24631"}],"wp:term":[{"taxonomy":"category","embeddable":true,"href":"https:\/\/concellodezas.gal\/es\/wp-json\/wp\/v2\/categories?post=24631"},{"taxonomy":"post_tag","embeddable":true,"href":"https:\/\/concellodezas.gal\/es\/wp-json\/wp\/v2\/tags?post=24631"}],"curies":[{"name":"wp","href":"https:\/\/api.w.org\/{rel}","templated":true}]}}