{"id":24615,"date":"2020-06-21T15:46:29","date_gmt":"2020-06-21T13:46:29","guid":{"rendered":"https:\/\/concellodezas.gal\/o-concello-de-zas-reparte-unhas-400-mascaras-na-feira-de-baio\/"},"modified":"2025-09-25T11:51:46","modified_gmt":"2025-09-25T09:51:46","slug":"o-concello-de-zas-reparte-unhas-400-mascaras-na-feira-de-baio","status":"publish","type":"post","link":"https:\/\/concellodezas.gal\/es\/o-concello-de-zas-reparte-unhas-400-mascaras-na-feira-de-baio\/","title":{"rendered":"O Concello de Zas reparte unhas 400 m\u00e1scaras na feira de Baio"},"content":{"rendered":"<p><em>Membros de Protecci\u00f3n Civil entregaron uns 200 sobres, con d\u00faas m\u00e1scaras no seu interior, \u00e1s persoas que presentaron un ticket dunha compra realizada esta ma\u00f1\u00e1 tanto nun local comercial da vila como nos propios postos ambulantes<\/em><br \/>\u00a0<\/p>\n<p>\u00a0<\/p>\n<p>Co obxectivo de revitalizar o tecido comercial e hostaleiro as\u00ed como as feiras do municipio, <strong>o Concello de Zas repartiu esta ma\u00f1\u00e1 unhas 400 m\u00e1scaras entre as persoas que acudiron \u00e1<\/strong> <strong>tradicional feira de Baio<\/strong>. Esta acci\u00f3n, impulsada polo Goberno Municipal, reforza as medidas de prevenci\u00f3n contra o Covid19 nos mercados ao aire libre. Ademais, membros de Protecci\u00f3n Civil controlaron o cumprimento das novas condici\u00f3ns de seguridade tanto por parte dos vendedores como dos compradores entre as cales est\u00e1n a limitaci\u00f3n do aforo, a distancia entre postos e a distancia interpersoal.<\/p>\n<p>As m\u00e1scaras entregadas son de tipo cir\u00farxico de triple capa e con certificado CE e repart\u00edronse entre aqueles asistentes que presentaban un ticket de calquera compra realizada esta ma\u00f1\u00e1 tanto nalg\u00fan local comercial da vila como nos propios postos da feira. Na feira de hoxe participaron unha variedade de postos ambulantes entre os que hab\u00eda tendas de roupa e de froitas e verduras frescas.<\/p>\n<p>A ra\u00edz da crise sanitaria provocada polo Coronavirus Covid-19, o Goberno Municipal de Zas &#8211; encabezado por Manuel Mu\u00ed\u00f1o &#8211; impulsouse un Plan de Revitalizaci\u00f3n da Econom\u00eda Local con diferentes li\u00f1as de traballo encami\u00f1adas a apoiar a econom\u00eda local e o comercio de proximidade. Dentro deste plan, incl\u00faese a revitalizaci\u00f3n das nosas feiras e unha primeira li\u00f1a de axudas a aut\u00f3nomos\/as dotada con 150.000 euros que se aprobar\u00e1 a vindeira semana.<span class=\"Apple-converted-space\">\u00a0<\/span><\/p>\n<p>\u00a0<\/p>\n","protected":false},"excerpt":{"rendered":"<p>Membros de Protecci\u00f3n Civil entregaron uns 200 sobres, con d\u00faas m\u00e1scaras no seu interior, \u00e1s persoas que presentaron un ticket dunha compra realizada esta ma\u00f1\u00e1 tanto nun local comercial da vila como nos propios postos ambulantes\u00a0 \u00a0 Co obxectivo de revitalizar o tecido comercial e hostaleiro as\u00ed como as feiras do municipio, o Concello de [&hellip;]<\/p>\n","protected":false},"author":3,"featured_media":24616,"comment_status":"open","ping_status":"closed","sticky":false,"template":"","format":"standard","meta":{"slim_seo":{"title":"O Concello de Zas reparte unhas 400 m\u00e1scaras na feira de Baio - Concello de Zas","description":"Membros de Protecci\u00f3n Civil entregaron uns 200 sobres, con d\u00faas m\u00e1scaras no seu interior, \u00e1s persoas que presentaron un ticket dunha compra realizada esta ma\u00f1\u00e1"},"footnotes":""},"categories":[10],"tags":[],"class_list":["post-24615","post","type-post","status-publish","format-standard","has-post-thumbnail","hentry","category-concello"],"_links":{"self":[{"href":"https:\/\/concellodezas.gal\/es\/wp-json\/wp\/v2\/posts\/24615","targetHints":{"allow":["GET"]}}],"collection":[{"href":"https:\/\/concellodezas.gal\/es\/wp-json\/wp\/v2\/posts"}],"about":[{"href":"https:\/\/concellodezas.gal\/es\/wp-json\/wp\/v2\/types\/post"}],"author":[{"embeddable":true,"href":"https:\/\/concellodezas.gal\/es\/wp-json\/wp\/v2\/users\/3"}],"replies":[{"embeddable":true,"href":"https:\/\/concellodezas.gal\/es\/wp-json\/wp\/v2\/comments?post=24615"}],"version-history":[{"count":0,"href":"https:\/\/concellodezas.gal\/es\/wp-json\/wp\/v2\/posts\/24615\/revisions"}],"wp:featuredmedia":[{"embeddable":true,"href":"https:\/\/concellodezas.gal\/es\/wp-json\/wp\/v2\/media\/24616"}],"wp:attachment":[{"href":"https:\/\/concellodezas.gal\/es\/wp-json\/wp\/v2\/media?parent=24615"}],"wp:term":[{"taxonomy":"category","embeddable":true,"href":"https:\/\/concellodezas.gal\/es\/wp-json\/wp\/v2\/categories?post=24615"},{"taxonomy":"post_tag","embeddable":true,"href":"https:\/\/concellodezas.gal\/es\/wp-json\/wp\/v2\/tags?post=24615"}],"curies":[{"name":"wp","href":"https:\/\/api.w.org\/{rel}","templated":true}]}}