{"id":24591,"date":"2020-05-13T15:43:52","date_gmt":"2020-05-13T13:43:52","guid":{"rendered":"https:\/\/concellodezas.gal\/o-concello-de-zas-conmemora-o-dia-das-letras-galegas-cunha-sesion-de-contacontos-virtual-para-os-mais-novos-da-casa\/"},"modified":"2025-09-25T11:51:31","modified_gmt":"2025-09-25T09:51:31","slug":"o-concello-de-zas-conmemora-o-dia-das-letras-galegas-cunha-sesion-de-contacontos-virtual-para-os-mais-novos-da-casa","status":"publish","type":"post","link":"https:\/\/concellodezas.gal\/es\/o-concello-de-zas-conmemora-o-dia-das-letras-galegas-cunha-sesion-de-contacontos-virtual-para-os-mais-novos-da-casa\/","title":{"rendered":"O Concello de Zas conmemora o D\u00eda das Letras Galegas cunha sesi\u00f3n de contacontos virtual para os m\u00e1is novos da casa"},"content":{"rendered":"<p><em>A rati\u00f1a Lil\u00ed Gruy\u00e9re far\u00e1 unha sesi\u00f3n en directo que ter\u00e1 lugar este s\u00e1bado \u00e1s 12:00 horas na p\u00e1xina de Facebook do Concello de Zas Actualidade Municipal<\/em><br \/>\u00a0<\/p>\n<p>Ainda que a crise sanitaria provocada polo Covid-19 obrigou a cancelar os actos previstos para a conmemoraci\u00f3n do <strong>D\u00eda das Letras Galegas<\/strong>, o Concello de Zas non quere deixar de conmemorar unha data tan senlleira da nosa cultura como a do 17 de maio. E para iso, o pr\u00f3ximo s\u00e1bado, 16 de maio, realizaremos unha sesi\u00f3n de contacontos dende a p\u00e1xina de Facebook do Concello de Zas Actualidade Municipal dirixida aos m\u00e1is novos da cassa.<\/p>\n<p>Na funci\u00f3n virtual que leva por t\u00edtulo \u201cLil\u00ed Gruy\u00e8re en directo!\u201d, a rati\u00f1a de Trinke Trinke Teatro far\u00e1 referencia a Ricardo Carballo Calero, o autor homenaxeado este ano. A sesi\u00f3n retransmitirase en directo dende a p\u00e1xina de Facebook do \u201cConcello de Zas Actualidade Municipal\u201d o pr\u00f3ximo s\u00e1bado 16 de maio \u00e1s 12:00 horas.<\/p>\n<p>Por outra parte, ao longo destes d\u00edas pendurarase das redes sociais do Concello de Zas informaci\u00f3n sobre Ricardo Carballo Calero co fin de dar a co\u00f1ecer entre a veci\u00f1anza a s\u00faa vida e a s\u00faa obra.<\/p>\n<p>\u00a0<\/p>\n<p><strong>Apertura das Bibliotecas<\/strong><\/p>\n<p>Por outra parte, a partir do vindeiro luns, 18 de maio, reactivarase o servizo de pr\u00e9stamo e devoluci\u00f3n nas bibliotecas municipais do Concello de Zas. Estes ser\u00e1n os horarios de apertura:<\/p>\n<ul>\n<li>Biblioteca Municipal de Zas: luns, m\u00e9rcores e vernes de 09:00 a 14:00 horas<\/li>\n<li>Axencia de Lectura de Baio: Martes e xoves de 09:00 a 14:00 horas<\/li>\n<\/ul>\n<p>A apertura das bibliotecas municipais farase seguindo as medidas de seguridade e hixiene establecidas. Desta forma, s\u00f3 se atender\u00e1 a unha persoa de cada vez e todos\/as os\/as usuarios\/as deber\u00e1n acudir con mascarilla. Cabe sinalar que polo momento non est\u00e1 permitida a lectura en sala nin o acceso aos puntos inform\u00e1ticos co fin de minimizar os riscos de contaxio por Covid-19.<span class=\"Apple-converted-space\">\u00a0<\/span><\/p>\n<p>\u00a0<\/p>\n","protected":false},"excerpt":{"rendered":"<p>A rati\u00f1a Lil\u00ed Gruy\u00e9re far\u00e1 unha sesi\u00f3n en directo que ter\u00e1 lugar este s\u00e1bado \u00e1s 12:00 horas na p\u00e1xina de Facebook do Concello de Zas Actualidade Municipal\u00a0 Ainda que a crise sanitaria provocada polo Covid-19 obrigou a cancelar os actos previstos para a conmemoraci\u00f3n do D\u00eda das Letras Galegas, o Concello de Zas non quere [&hellip;]<\/p>\n","protected":false},"author":3,"featured_media":24592,"comment_status":"open","ping_status":"closed","sticky":false,"template":"","format":"standard","meta":{"slim_seo":{"title":"O Concello de Zas conmemora o D\u00eda das Letras Galegas cunha sesi\u00f3n de contacontos virtual para os m\u00e1is novos da casa - Concello de Zas","description":"A rati\u00f1a Lil\u00ed Gruy\u00e9re far\u00e1 unha sesi\u00f3n en directo que ter\u00e1 lugar este s\u00e1bado \u00e1s 12:00 horas na p\u00e1xina de Facebook do Concello de Zas Actualidade Municipal \u00a0 Ain"},"footnotes":""},"categories":[10],"tags":[],"class_list":["post-24591","post","type-post","status-publish","format-standard","has-post-thumbnail","hentry","category-concello"],"_links":{"self":[{"href":"https:\/\/concellodezas.gal\/es\/wp-json\/wp\/v2\/posts\/24591","targetHints":{"allow":["GET"]}}],"collection":[{"href":"https:\/\/concellodezas.gal\/es\/wp-json\/wp\/v2\/posts"}],"about":[{"href":"https:\/\/concellodezas.gal\/es\/wp-json\/wp\/v2\/types\/post"}],"author":[{"embeddable":true,"href":"https:\/\/concellodezas.gal\/es\/wp-json\/wp\/v2\/users\/3"}],"replies":[{"embeddable":true,"href":"https:\/\/concellodezas.gal\/es\/wp-json\/wp\/v2\/comments?post=24591"}],"version-history":[{"count":0,"href":"https:\/\/concellodezas.gal\/es\/wp-json\/wp\/v2\/posts\/24591\/revisions"}],"wp:featuredmedia":[{"embeddable":true,"href":"https:\/\/concellodezas.gal\/es\/wp-json\/wp\/v2\/media\/24592"}],"wp:attachment":[{"href":"https:\/\/concellodezas.gal\/es\/wp-json\/wp\/v2\/media?parent=24591"}],"wp:term":[{"taxonomy":"category","embeddable":true,"href":"https:\/\/concellodezas.gal\/es\/wp-json\/wp\/v2\/categories?post=24591"},{"taxonomy":"post_tag","embeddable":true,"href":"https:\/\/concellodezas.gal\/es\/wp-json\/wp\/v2\/tags?post=24591"}],"curies":[{"name":"wp","href":"https:\/\/api.w.org\/{rel}","templated":true}]}}