{"id":24577,"date":"2020-05-06T16:21:48","date_gmt":"2020-05-06T14:21:48","guid":{"rendered":"https:\/\/concellodezas.gal\/emprego\/"},"modified":"2025-09-25T11:51:23","modified_gmt":"2025-09-25T09:51:23","slug":"emprego","status":"publish","type":"post","link":"https:\/\/concellodezas.gal\/es\/emprego\/","title":{"rendered":"Emprego"},"content":{"rendered":"<p>O\u00a0DOG do 17 de abril publica unha modificaci\u00f3n e ampliaci\u00f3n das medidas para favorecer as persoas demandantes inscritas no <strong>Servizo P\u00fablico de Emprego de Galicia (Emprego Galicia)<\/strong> que se resumen nos seguintes puntos:<\/p>\n<p><span class=\"_5mfr\"><span class=\"_6qdm\">\u25aa<\/span><\/span> Non ser\u00e1 necesario renovar a demanda de emprego ata o 30 de xu\u00f1o de 2020<\/p>\n<p><span class=\"_5mfr\"><span class=\"_6qdm\">\u25aa<\/span><\/span> Para a realizaci\u00f3n de tr\u00e1mites urxentes na demanda de emprego ampl\u00edanse os servizos telem\u00e1ticos \u00e1 disposici\u00f3n da cidadan\u00eda:<\/p>\n<p>\u2013 Novo formulario web para a tramitaci\u00f3n de altas iniciais: <a href=\"https:\/\/emprego.xunta.gal\/portal\/index.php\/es\/formulario-alta-demanda.html?fbclid=IwAR0-KHWOiCUqs5e9VjaZebt13sLHy2Np_43lWMFk5A12DVH-cLrWeo2vqsk\" target=\"_blank\" rel=\"noopener nofollow\" data-ft=\"{\"tn\":\"-U\"}\" data-lynx-mode=\"origin\" data-lynx-uri=\"https:\/\/l.facebook.com\/l.php?u=https%3A%2F%2Femprego.xunta.gal%2Fportal%2Findex.php%2Fes%2Fformulario-alta-demanda.html%3Ffbclid%3DIwAR0-KHWOiCUqs5e9VjaZebt13sLHy2Np_43lWMFk5A12DVH-cLrWeo2vqsk&#038;h=AT0GyNyrggyIj97ClEeUNEHl67L1Om2cFta7HmluvjwGPNyIU9f-drFri0Dx6taWuvr95_VRHhXIz0yY2KmpM9-m-BtwFR-_8DWT-i7LeAz9OdQaidnTGra1NdJS5FnkE4T_FpEtfIjpi352st1jCB0OGET5sYtf6uxLCaphDyzEsVMCIwWXZHRLGQ8dt5RbFsCHRBUNs5u-_fGfckta2iDqnVSqK27r2LJD0LNBEQqMXv8x6nSeu1hImfR0Z5DHetOWQ1Y87w9CPqE_PRC4Ium3c6XBpoReYhHRLMsyzq-zOkvNFwOql3iLnmsMfiCmzQiTT3C8hQWBuZWC7Bilt3nlxlSGKGCmVfG3VbsT-iK_MKlwkV8LjLkn-quKzxWhCm9MqsPqaccKIV-b1-E6LBnoeQyh889OpY3ZpE6KLkcN8MDCInA9ogbtm_u46Jqat8GUa7cUio6nCOj3cVzwM3vidH7kDC8SeqAUZZcjJg6r5c2uwasF_PTwoE66rTqcOK8q9RgQLe1EhetssuTOsWNf02NXVF8ABY8MlsGiUGK18rwS-AtUISe-g6iB0OONr5cSqiE5G5c7GhWoLi_Qo0U9hAyDCDSEUdEuKUN8XJq557UFeF_qo_6BudiULBQkYSt2KoMo\">https:\/\/emprego.xunta.gal\/\u2026\/index.php\/es\/formulario-alta-de\u2026<\/a><\/p>\n<p>\u2013 Ampliaci\u00f3n dos servizos para a reactivaci\u00f3n da demanda a trav\u00e9s da Oficina Virtual de Emprego Galicia<\/p>\n<p>Estes dous servizos, xunto coas restantes medidas acordadas pola Xunta de Galicia en favor das persoas demandantes de emprego e os datos de contacto da rede de oficinas de emprego, est\u00e1n dispo\u00f1ibles no Portal de emprego de Galicia: <a href=\"https:\/\/emprego.xunta.gal\/portal\/gl\/?fbclid=IwAR0XKGrLEsxDPOdQKZZ0hTE3NCsDKcteRbPm91O4o8cwbY6P4PMcht81pcU\" target=\"_blank\" rel=\"noopener nofollow\" data-ft=\"{\"tn\":\"-U\"}\" data-lynx-mode=\"origin\" data-lynx-uri=\"https:\/\/l.facebook.com\/l.php?u=https%3A%2F%2Femprego.xunta.gal%2Fportal%2Fgl%2F%3Ffbclid%3DIwAR0XKGrLEsxDPOdQKZZ0hTE3NCsDKcteRbPm91O4o8cwbY6P4PMcht81pcU&#038;h=AT22v_tLuWrdoy9Y8uj3DAqNu6f3vyjyXC6kOKC9S28a1FLsEqVBpPVs857WH7SqJixN9iJZ9H1-hQcV1cfP4s3WN8j64tL6JiNdAc_UrbYyRSeiZn_k2YOdJfdv4DIXVevUyLNZjnN-oyOpF1WYdNNThIwwO_PAjQRnhm244AoifF8-GhiS43ZRXMXlobeUMGxvisrSHT0jenPL5EHHkjkQiIpKCuzciPIExIvB7OuiGRlMZ3JAdvYfnVUY-9WCXfEIYnISZr8zU3qcJ1ilPoP-hTwotLqMkUYcHXQOkJW-QnSmjviRvS9rdrJ6Ix9LSijy2v0mU1WPH7FkxSKbGv1zi3hVUJHl9v0li4ifgs6ZWrA0AXcjT1bTxIPP9Hvwi3lejzG4lgcWEbTepZTpDes0mSVnIXzQvz2T5Z9S5FiAeZeAiMRy37zK3GNj8aev-FiktZSx-jlfEF3e4Y_R5Gie637AlGaj5I0H2XWF_dO-w2mjKYfETVrQvH9PGs_5x6ALCeWN6fujd8pUjrrW2t4czWlFq97CrE40xKqN6bGpWUAn60NbJCCR8BLIZqmb9XGDWxc0DBjJbg5MDj7n8v136kn8nKIcaquybUEbs1C-AQsQ_c4LjqumS7H1Fb6zgSUJsXp-\">https:\/\/emprego.xunta.gal\/portal\/gl\/<\/a><\/p>\n<p>Se precisas m\u00e1is informaci\u00f3n podes contactar coa Axente de Emprego e Desenvolvemento Local do Concello de Zas a trav\u00e9s do n\u00famero de tel\u00e9fono 981 70 83 03 ou no enderezo electr\u00f3nico correo@concellodezas.org ou tam\u00e9n na oficina de prestaci\u00f3ns de Carballo nos tel\u00e9fonos 981 704 340 &#8211; 981 983 510 e na oficina de emprego de Carballo no tel\u00e9fono 981 960 443<\/p>\n","protected":false},"excerpt":{"rendered":"<p>O\u00a0DOG do 17 de abril publica unha modificaci\u00f3n e ampliaci\u00f3n das medidas para favorecer as persoas demandantes inscritas no Servizo P\u00fablico de Emprego de Galicia (Emprego Galicia) que se resumen nos seguintes puntos: \u25aa Non ser\u00e1 necesario renovar a demanda de emprego ata o 30 de xu\u00f1o de 2020 \u25aa Para a realizaci\u00f3n de tr\u00e1mites [&hellip;]<\/p>\n","protected":false},"author":3,"featured_media":24578,"comment_status":"open","ping_status":"closed","sticky":false,"template":"","format":"standard","meta":{"slim_seo":{"title":"Emprego - Concello de Zas","description":"O\u00a0DOG do 17 de abril publica unha modificaci\u00f3n e ampliaci\u00f3n das medidas para favorecer as persoas demandantes inscritas no Servizo P\u00fablico de Emprego de Galicia"},"footnotes":""},"categories":[10],"tags":[],"class_list":["post-24577","post","type-post","status-publish","format-standard","has-post-thumbnail","hentry","category-concello"],"_links":{"self":[{"href":"https:\/\/concellodezas.gal\/es\/wp-json\/wp\/v2\/posts\/24577","targetHints":{"allow":["GET"]}}],"collection":[{"href":"https:\/\/concellodezas.gal\/es\/wp-json\/wp\/v2\/posts"}],"about":[{"href":"https:\/\/concellodezas.gal\/es\/wp-json\/wp\/v2\/types\/post"}],"author":[{"embeddable":true,"href":"https:\/\/concellodezas.gal\/es\/wp-json\/wp\/v2\/users\/3"}],"replies":[{"embeddable":true,"href":"https:\/\/concellodezas.gal\/es\/wp-json\/wp\/v2\/comments?post=24577"}],"version-history":[{"count":0,"href":"https:\/\/concellodezas.gal\/es\/wp-json\/wp\/v2\/posts\/24577\/revisions"}],"wp:featuredmedia":[{"embeddable":true,"href":"https:\/\/concellodezas.gal\/es\/wp-json\/wp\/v2\/media\/24578"}],"wp:attachment":[{"href":"https:\/\/concellodezas.gal\/es\/wp-json\/wp\/v2\/media?parent=24577"}],"wp:term":[{"taxonomy":"category","embeddable":true,"href":"https:\/\/concellodezas.gal\/es\/wp-json\/wp\/v2\/categories?post=24577"},{"taxonomy":"post_tag","embeddable":true,"href":"https:\/\/concellodezas.gal\/es\/wp-json\/wp\/v2\/tags?post=24577"}],"curies":[{"name":"wp","href":"https:\/\/api.w.org\/{rel}","templated":true}]}}