{"id":24573,"date":"2020-05-06T16:13:42","date_gmt":"2020-05-06T14:13:42","guid":{"rendered":"https:\/\/concellodezas.gal\/o-concello-de-zas-suspende-todas-as-actividades-municipais-ata-novo-aviso-2\/"},"modified":"2025-09-25T11:51:23","modified_gmt":"2025-09-25T09:51:23","slug":"o-concello-de-zas-suspende-todas-as-actividades-municipais-ata-novo-aviso-2","status":"publish","type":"post","link":"https:\/\/concellodezas.gal\/es\/o-concello-de-zas-suspende-todas-as-actividades-municipais-ata-novo-aviso-2\/","title":{"rendered":"O Concello de Zas suspende todas as actividades municipais ata novo aviso"},"content":{"rendered":"<p><em>Esta \u00e9 unha medida tomada seguindo as recomendaci\u00f3ns da Xunta de Galicia e das autoridades sanitarias para evitar a propagaci\u00f3n do coronavirus<\/em><\/p>\n<p>Seguindo as recomendaci\u00f3ns da Xunta de Galicia e das autoridades sanitarias co fin de evitar a propagaci\u00f3n do coronavirus, o Concello de Zas cancela a partir de ma\u00f1\u00e1 venres, 13 de marzo, e ata novo aviso todas as actividades municipais.<span class=\"Apple-converted-space\">\u00a0<\/span><\/p>\n<p>A continuaci\u00f3n detallamos as actividades que se ven afectadas por esta medida:<\/p>\n<ul>\n<li>Ximnasia polas parroquias<\/li>\n<li>Ximnasia terap\u00e9utica\/pilates<\/li>\n<li>Zumba<\/li>\n<li>Manualidades<\/li>\n<li>Bordado<\/li>\n<li>Calceta<\/li>\n<li>Tapicer\u00eda<\/li>\n<li>Cester\u00eda<\/li>\n<li>Escola de Teatro Infantil<\/li>\n<li>Escola de Teatro para Adultos<\/li>\n<li>Tiro con arco<\/li>\n<li>F\u00fatbol (Prebenxam\u00edn, benxam\u00edn, alev\u00edn, infantil e cadete)<\/li>\n<li>Patinaxe<\/li>\n<li>Taekondo<\/li>\n<li>Balonm\u00e1n<\/li>\n<li>Judo<\/li>\n<li>Tenis de mesa<\/li>\n<li>Escolas deportivas as\u00ed como todas as actividades extraescolares organizadas polo Concello de Zas<\/li>\n<li>Baile para maiores: Tampouco se celebrar\u00e1n ata novo aviso as sesi\u00f3ns de baile para maiores que se realizan todos os s\u00e1bados no Centro Sociocultural de Zas.<span class=\"Apple-converted-space\">\u00a0<\/span><\/li>\n<li>Programa de actividades \u201cZas pola Igualdade\u201d. As actividades previstas para os vindeiros d\u00edas dentro do programa \u201cZas pola Igualdade\u201d quedan suspendidas.<\/li>\n<li>Sesi\u00f3n de contacontos infantil do programa \u201cRatos nas bibliotecas\u201d<\/li>\n<\/ul>\n<p>Por outra parte, dende o Concello de Zas rog\u00e1moslle a toda a veci\u00f1anza que adopte as medidas de prevenci\u00f3n establecidas polas autoridades sanitarias e recordamos que o n\u00famero de tel\u00e9fono de informaci\u00f3n \u00e1 cidadan\u00eda sobre o COVID-19 \u00e9 o 900 400 116.<\/p>\n","protected":false},"excerpt":{"rendered":"<p>Esta \u00e9 unha medida tomada seguindo as recomendaci\u00f3ns da Xunta de Galicia e das autoridades sanitarias para evitar a propagaci\u00f3n do coronavirus Seguindo as recomendaci\u00f3ns da Xunta de Galicia e das autoridades sanitarias co fin de evitar a propagaci\u00f3n do coronavirus, o Concello de Zas cancela a partir de ma\u00f1\u00e1 venres, 13 de marzo, e [&hellip;]<\/p>\n","protected":false},"author":3,"featured_media":24574,"comment_status":"open","ping_status":"closed","sticky":false,"template":"","format":"standard","meta":{"slim_seo":{"title":"O Concello de Zas suspende todas as actividades municipais ata novo aviso - Concello de Zas","description":"Esta \u00e9 unha medida tomada seguindo as recomendaci\u00f3ns da Xunta de Galicia e das autoridades sanitarias para evitar a propagaci\u00f3n do coronavirus Seguindo as recom"},"footnotes":""},"categories":[10],"tags":[],"class_list":["post-24573","post","type-post","status-publish","format-standard","has-post-thumbnail","hentry","category-concello"],"_links":{"self":[{"href":"https:\/\/concellodezas.gal\/es\/wp-json\/wp\/v2\/posts\/24573","targetHints":{"allow":["GET"]}}],"collection":[{"href":"https:\/\/concellodezas.gal\/es\/wp-json\/wp\/v2\/posts"}],"about":[{"href":"https:\/\/concellodezas.gal\/es\/wp-json\/wp\/v2\/types\/post"}],"author":[{"embeddable":true,"href":"https:\/\/concellodezas.gal\/es\/wp-json\/wp\/v2\/users\/3"}],"replies":[{"embeddable":true,"href":"https:\/\/concellodezas.gal\/es\/wp-json\/wp\/v2\/comments?post=24573"}],"version-history":[{"count":0,"href":"https:\/\/concellodezas.gal\/es\/wp-json\/wp\/v2\/posts\/24573\/revisions"}],"wp:featuredmedia":[{"embeddable":true,"href":"https:\/\/concellodezas.gal\/es\/wp-json\/wp\/v2\/media\/24574"}],"wp:attachment":[{"href":"https:\/\/concellodezas.gal\/es\/wp-json\/wp\/v2\/media?parent=24573"}],"wp:term":[{"taxonomy":"category","embeddable":true,"href":"https:\/\/concellodezas.gal\/es\/wp-json\/wp\/v2\/categories?post=24573"},{"taxonomy":"post_tag","embeddable":true,"href":"https:\/\/concellodezas.gal\/es\/wp-json\/wp\/v2\/tags?post=24573"}],"curies":[{"name":"wp","href":"https:\/\/api.w.org\/{rel}","templated":true}]}}