{"id":24563,"date":"2020-05-06T16:07:44","date_gmt":"2020-05-06T14:07:44","guid":{"rendered":"https:\/\/concellodezas.gal\/esta-tarde-comeza-o-reparto-de-4-500-mascaras-adquiridas-polo-concello-de-zas-2\/"},"modified":"2025-09-25T11:51:15","modified_gmt":"2025-09-25T09:51:15","slug":"esta-tarde-comeza-o-reparto-de-4-500-mascaras-adquiridas-polo-concello-de-zas-2","status":"publish","type":"post","link":"https:\/\/concellodezas.gal\/es\/esta-tarde-comeza-o-reparto-de-4-500-mascaras-adquiridas-polo-concello-de-zas-2\/","title":{"rendered":"Esta tarde comeza o reparto de 4.500 m\u00e1scaras adquiridas polo Concello de Zas"},"content":{"rendered":"<p><em>Membros de Protecci\u00f3n Civil e persoal municipal deixar\u00e1n en cada vivenda das dezas\u00e9is parroquias do municipio un sobre con d\u00faas mascarillas<\/em><\/p>\n<p>Membros de Protecci\u00f3n Civil e persoal municipal comezar\u00e1n esta tarde a repartir casa por casa as\u00a0<strong>4.500 m\u00e1scaras adquiridas polo Concello de Zas<\/strong>. En cada vivenda deixar\u00e1n un sobre con d\u00faas m\u00e1scaras de tipo cir\u00farxico de triple capa e que contan con certificado CE para produtos sanitarios. O Alcalde de Zas, Manuel Mu\u00ed\u00f1o, reco\u00f1ece que \u201ceste reparto chega cun certo retraso e que nalg\u00fans casos pode resultar escaso, d\u00faas circunstancias que se deben \u00e1s dificultades para conseguir este material de protecci\u00f3n\u201d.<\/p>\n<p>Co reparto deste material toda a veci\u00f1anza dispor\u00e1 dunha m\u00e1scara hixi\u00e9nica no caso de que te\u00f1a que sa\u00edr da casa e que non poda respectar a distancia de seguridade interpersoal. Ainda as\u00ed, dende o Concello de Zas lembramos a importancia de seguir as recomendaci\u00f3ns das autoridades sanitarias como quedar na casa e, no caso de ter que sa\u00edr, manter unha distancia entre persoas de 1,5 a 2 metros.<span class=\"Apple-converted-space\">\u00a0<\/span><\/p>\n<p>Para o empaquetado das m\u00e1scaras contamos coa colaboraci\u00f3n dos membros do equipo de goberno e de persoal municipal e segu\u00edironse unha estrictas medidas de hixiene e seguridade.<span class=\"Apple-converted-space\">\u00a0<\/span><\/p>\n<p><strong>Outras medidas<\/strong><\/p>\n<p>En parelo, o Concello de Zas puxo en marcha dende o inicio desta crise sanitaria novas medidas co de fin de protexer \u00e1 toda a veci\u00f1anza e de garantir o seu benestar. Desinfecci\u00f3n de colectores, dos exteriores dos establecementos que contin\u00faan abertos e das zonas m\u00e1is concurridas estes d\u00edas, entrega de produtos de 1\u00aa necesidade \u00e1s persoas m\u00e1is vulnerables nestes momentos, reparto de material de protecci\u00f3n entre persoal dos Centros de Sa\u00fade, persoal do Servizo de Axuda no Fogar, membros de Protecci\u00f3n Civil, Polic\u00eda Local e traballadores municipais que realizan as labores de desinfecci\u00f3n e colaboraci\u00f3n cos centros educativos do municipio para dotar dos recursos escolares necesarios a todo o alumnado.<span class=\"Apple-converted-space\">\u00a0<\/span><\/p>\n<p>Por outra parte, cabe recordar que a actividade contin\u00faa no Concello de Zas ainda que as s\u00faas instalaci\u00f3ns permanecen pechadas ao p\u00fablico para evitar a propagaci\u00f3n do coronavirus. A veci\u00f1anza que o precise pode contactar previamente a trav\u00e9s do n\u00famero de tel\u00e9fono 981 70 80 03 onde ser\u00e1n atendidos por un funcionario municipal e polo propio Alcalde de Zas, Manuel Mu\u00ed\u00f1o.<span class=\"Apple-converted-space\">\u00a0<\/span><\/p>\n","protected":false},"excerpt":{"rendered":"<p>Membros de Protecci\u00f3n Civil e persoal municipal deixar\u00e1n en cada vivenda das dezas\u00e9is parroquias do municipio un sobre con d\u00faas mascarillas Membros de Protecci\u00f3n Civil e persoal municipal comezar\u00e1n esta tarde a repartir casa por casa as\u00a04.500 m\u00e1scaras adquiridas polo Concello de Zas. En cada vivenda deixar\u00e1n un sobre con d\u00faas m\u00e1scaras de tipo cir\u00farxico [&hellip;]<\/p>\n","protected":false},"author":3,"featured_media":24564,"comment_status":"open","ping_status":"closed","sticky":false,"template":"","format":"standard","meta":{"slim_seo":{"title":"Esta tarde comeza o reparto de 4.500 m\u00e1scaras adquiridas polo Concello de Zas - Concello de Zas","description":"Membros de Protecci\u00f3n Civil e persoal municipal deixar\u00e1n en cada vivenda das dezas\u00e9is parroquias do municipio un sobre con d\u00faas mascarillas Membros de Protecci\u00f3"},"footnotes":""},"categories":[10],"tags":[],"class_list":["post-24563","post","type-post","status-publish","format-standard","has-post-thumbnail","hentry","category-concello"],"_links":{"self":[{"href":"https:\/\/concellodezas.gal\/es\/wp-json\/wp\/v2\/posts\/24563","targetHints":{"allow":["GET"]}}],"collection":[{"href":"https:\/\/concellodezas.gal\/es\/wp-json\/wp\/v2\/posts"}],"about":[{"href":"https:\/\/concellodezas.gal\/es\/wp-json\/wp\/v2\/types\/post"}],"author":[{"embeddable":true,"href":"https:\/\/concellodezas.gal\/es\/wp-json\/wp\/v2\/users\/3"}],"replies":[{"embeddable":true,"href":"https:\/\/concellodezas.gal\/es\/wp-json\/wp\/v2\/comments?post=24563"}],"version-history":[{"count":0,"href":"https:\/\/concellodezas.gal\/es\/wp-json\/wp\/v2\/posts\/24563\/revisions"}],"wp:featuredmedia":[{"embeddable":true,"href":"https:\/\/concellodezas.gal\/es\/wp-json\/wp\/v2\/media\/24564"}],"wp:attachment":[{"href":"https:\/\/concellodezas.gal\/es\/wp-json\/wp\/v2\/media?parent=24563"}],"wp:term":[{"taxonomy":"category","embeddable":true,"href":"https:\/\/concellodezas.gal\/es\/wp-json\/wp\/v2\/categories?post=24563"},{"taxonomy":"post_tag","embeddable":true,"href":"https:\/\/concellodezas.gal\/es\/wp-json\/wp\/v2\/tags?post=24563"}],"curies":[{"name":"wp","href":"https:\/\/api.w.org\/{rel}","templated":true}]}}