{"id":24555,"date":"2020-05-06T12:51:06","date_gmt":"2020-05-06T10:51:06","guid":{"rendered":"https:\/\/concellodezas.gal\/protocolo-e-guia-de-boas-practicas-dixiridas-a-actividade-comercial-en-establecementos-fisicos-e-non-sedentarios-ou-mercados\/"},"modified":"2025-09-25T11:51:15","modified_gmt":"2025-09-25T09:51:15","slug":"protocolo-e-guia-de-boas-practicas-dixiridas-a-actividade-comercial-en-establecementos-fisicos-e-non-sedentarios-ou-mercados","status":"publish","type":"post","link":"https:\/\/concellodezas.gal\/es\/protocolo-e-guia-de-boas-practicas-dixiridas-a-actividade-comercial-en-establecementos-fisicos-e-non-sedentarios-ou-mercados\/","title":{"rendered":"Protocolo e gu\u00eda de boas pr\u00e1cticas dixiridas \u00e1 actividade comercial en establecementos f\u00edsicos e non sedentarios ou mercados"},"content":{"rendered":"<p>Consulta aqu\u00ed os protocolos e as recomendaci\u00f3ns relativas \u00e1 seguridade e hixiene no sector comercial\u00a0<\/p>\n<p>O 4 de maio constituise na FEMP\u00a0&#8211; Federaci\u00f3n Espa\u00f1ola de Municipios e Provincias &#8211; a Comisi\u00f3n de Consumo e Comercio na que se decidiu informar dos protocolos e recomendaci\u00f3ns relativas \u00e1 seguridade e \u00e1 hixiene no sector comercial.<\/p>\n<p>Este \u00e9 un marco xeral, consensuado e acordado co sector e cos principais sindicaos no que se tiveron en conta as recomendaci\u00f3ns elaboradas polo Ministerio de Sanidade.\u00a0<\/p>\n<p>No momento de consulta da presente Gu\u00eda, deber\u00e1 terse en conta as condici\u00f3ns espec\u00edficas establecidas nas ordes ministeriais que regularan cada unha das fases de desescalada na que se atope nese momento, co obxecto de adaptar as indicaci\u00f3ns de Protocolo tendo en conta aquelas medidas propia de cada unha das fases, por exemplo, o aforo permitido nun establecemento comercial.\u00a0<\/p>\n<p>O Protocolo (que se pode consultar ao final desta p\u00e1xina) est\u00e1 destinado tanto aos establecementos comerciais como ao comercio non sedentario, inclu\u00eddo na \u00faltima secci\u00f3n. A FEMP\u00a0colaborou e prestou especial atenci\u00f3n a esta parte, xa que a venda ambulante e os mercados son de vital importancia e son os concellos os que deben proceder \u00e1 s\u00faa reapertura.\u00a0<\/p>\n","protected":false},"excerpt":{"rendered":"<p>Consulta aqu\u00ed os protocolos e as recomendaci\u00f3ns relativas \u00e1 seguridade e hixiene no sector comercial\u00a0 O 4 de maio constituise na FEMP\u00a0&#8211; Federaci\u00f3n Espa\u00f1ola de Municipios e Provincias &#8211; a Comisi\u00f3n de Consumo e Comercio na que se decidiu informar dos protocolos e recomendaci\u00f3ns relativas \u00e1 seguridade e \u00e1 hixiene no sector comercial. Este \u00e9 [&hellip;]<\/p>\n","protected":false},"author":3,"featured_media":24556,"comment_status":"open","ping_status":"closed","sticky":false,"template":"","format":"standard","meta":{"slim_seo":{"title":"Protocolo e gu\u00eda de boas pr\u00e1cticas dixiridas \u00e1 actividade comercial en establecementos f\u00edsicos e non sedentarios ou mercados - Concello de Zas","description":"Consulta aqu\u00ed os protocolos e as recomendaci\u00f3ns relativas \u00e1 seguridade e hixiene no sector comercial\u00a0 O 4 de maio constituise na FEMP\u00a0- Federaci\u00f3n Espa\u00f1ola de M"},"footnotes":""},"categories":[10],"tags":[],"class_list":["post-24555","post","type-post","status-publish","format-standard","has-post-thumbnail","hentry","category-concello"],"_links":{"self":[{"href":"https:\/\/concellodezas.gal\/es\/wp-json\/wp\/v2\/posts\/24555","targetHints":{"allow":["GET"]}}],"collection":[{"href":"https:\/\/concellodezas.gal\/es\/wp-json\/wp\/v2\/posts"}],"about":[{"href":"https:\/\/concellodezas.gal\/es\/wp-json\/wp\/v2\/types\/post"}],"author":[{"embeddable":true,"href":"https:\/\/concellodezas.gal\/es\/wp-json\/wp\/v2\/users\/3"}],"replies":[{"embeddable":true,"href":"https:\/\/concellodezas.gal\/es\/wp-json\/wp\/v2\/comments?post=24555"}],"version-history":[{"count":0,"href":"https:\/\/concellodezas.gal\/es\/wp-json\/wp\/v2\/posts\/24555\/revisions"}],"wp:featuredmedia":[{"embeddable":true,"href":"https:\/\/concellodezas.gal\/es\/wp-json\/wp\/v2\/media\/24556"}],"wp:attachment":[{"href":"https:\/\/concellodezas.gal\/es\/wp-json\/wp\/v2\/media?parent=24555"}],"wp:term":[{"taxonomy":"category","embeddable":true,"href":"https:\/\/concellodezas.gal\/es\/wp-json\/wp\/v2\/categories?post=24555"},{"taxonomy":"post_tag","embeddable":true,"href":"https:\/\/concellodezas.gal\/es\/wp-json\/wp\/v2\/tags?post=24555"}],"curies":[{"name":"wp","href":"https:\/\/api.w.org\/{rel}","templated":true}]}}