{"id":24531,"date":"2020-04-08T16:49:19","date_gmt":"2020-04-08T14:49:19","guid":{"rendered":"https:\/\/concellodezas.gal\/o-concello-de-zas-estuda-a-posibilidade-de-facilitar-material-informatico-ao-alumnado-que-o-precise\/"},"modified":"2025-09-25T11:50:59","modified_gmt":"2025-09-25T09:50:59","slug":"o-concello-de-zas-estuda-a-posibilidade-de-facilitar-material-informatico-ao-alumnado-que-o-precise","status":"publish","type":"post","link":"https:\/\/concellodezas.gal\/es\/o-concello-de-zas-estuda-a-posibilidade-de-facilitar-material-informatico-ao-alumnado-que-o-precise\/","title":{"rendered":"O Concello de Zas estuda a posibilidade de facilitar material inform\u00e1tico ao alumnado que o precise"},"content":{"rendered":"<p><em>En coordinaci\u00f3n co CPI de Zas e co CEIP Labarta Pose bar\u00e1llase a opci\u00f3n de repartir un pen drive entre aqueles alumnos e alumnas que non dispo\u00f1an conexi\u00f3n a Internet para que contin\u00faen coa s\u00faa formaci\u00f3n escolar<\/em><br \/>\u00a0<\/p>\n<p>\u00a0<\/p>\n<p>O Concello de Zas estuda a posibilidade de po\u00f1er en marcha unha nova medida co fin de facilitar que todos os alumnos e alumnas dos centros educativos do municipio contin\u00faen coa s\u00faa formaci\u00f3n escolar mentras dure o confinamento causado polo COVID-19.<\/p>\n<p>Unha das opci\u00f3ns que se estuda en coordinaci\u00f3n co CEIP de Labarta Pose e co CPI de Zas \u00e9 facilitar un pen drive a aqueles alumnos e alumnas que non dispo\u00f1an de acceso a Internet nos seus fogares ou que te\u00f1an unha sinal moi debilitada para que, desta forma, poidan descargar as tarefas nos seus propios equipos inform\u00e1ticos.<span class=\"Apple-converted-space\">\u00a0<\/span><\/p>\n<p>Por outra parte, esta semana f\u00edxose a entrega dun equipo inform\u00e1tico a un estudante do IES Maximino Romero de Lema cedido polo propio centro educativo. Este \u00e9 un servizo de pr\u00e9stamo con fins unicamente educativos e que se ofrece mentres dure o confinamento.<\/p>\n<p><strong>Outras medidas<\/strong><\/p>\n<p>Ademais dos traballos de desinfecci\u00f3n que se levan a cabo nas zonas com\u00fans como os accesos a edificios e comercios que mante\u00f1en a s\u00faa actividade, o reparto de produtos de primeira necesidade \u00e1s persoas vulnerables e da atenci\u00f3n \u00e1 veci\u00f1anza, o persoal do Concello de Zas est\u00e1 estes d\u00edas traballando arreo no reparto de material de protecci\u00f3n homologado entre os distintos colectivos do municipio m\u00e1is expostos ao virus.<span class=\"Apple-converted-space\">\u00a0<\/span><\/p>\n<p>Desta forma, dende o inicio do estado de alarma o Concello de Zas distribuiu diverso material de protecci\u00f3n entre o persoal dos Centros de Sa\u00fade do municipio, persoal do Servizo de Axuda no Fogar, membros de Protecci\u00f3n Civil, Polic\u00eda Local e traballadores municipais que fan a desinfecci\u00f3n nos exteriores dos establecementos que contin\u00faan abertos.<\/p>\n<p>Ademais, estes d\u00edas repart\u00edronse mascarillas con filtro e reutilizables entre o persoal que traballa nos diferentes establecementos do noso municipo que desenvolven traballos esenciais como son supermercados, tendas de alimentaci\u00f3n, gasolineiras, farmacia, entre outros.<span class=\"Apple-converted-space\">\u00a0<\/span><\/p>\n<p>Cabe recordar que ainda que as oficinas municipais est\u00e1n pechadas ao p\u00fablico, o Concello de Zas contin\u00faa desenvolvemento a s\u00faa actividade habitual e atendendo \u00e1s necesidades que a veci\u00f1anza pode ter nunha situaci\u00f3n como a que estamos vivindo. Para iso, as persoas que o precisen poden chamar ao n\u00famero de tel\u00e9fono do Concello de Zas (981 70 83 03) onde os atender\u00e1n un funcionario municipal e o Alcalde de Zas.<span class=\"Apple-converted-space\">\u00a0<\/span><\/p>\n","protected":false},"excerpt":{"rendered":"<p>En coordinaci\u00f3n co CPI de Zas e co CEIP Labarta Pose bar\u00e1llase a opci\u00f3n de repartir un pen drive entre aqueles alumnos e alumnas que non dispo\u00f1an conexi\u00f3n a Internet para que contin\u00faen coa s\u00faa formaci\u00f3n escolar\u00a0 \u00a0 O Concello de Zas estuda a posibilidade de po\u00f1er en marcha unha nova medida co fin de [&hellip;]<\/p>\n","protected":false},"author":3,"featured_media":24532,"comment_status":"open","ping_status":"closed","sticky":false,"template":"","format":"standard","meta":{"slim_seo":{"title":"O Concello de Zas estuda a posibilidade de facilitar material inform\u00e1tico ao alumnado que o precise - Concello de Zas","description":"En coordinaci\u00f3n co CPI de Zas e co CEIP Labarta Pose bar\u00e1llase a opci\u00f3n de repartir un pen drive entre aqueles alumnos e alumnas que non dispo\u00f1an conexi\u00f3n a Int"},"footnotes":""},"categories":[10],"tags":[],"class_list":["post-24531","post","type-post","status-publish","format-standard","has-post-thumbnail","hentry","category-concello"],"_links":{"self":[{"href":"https:\/\/concellodezas.gal\/es\/wp-json\/wp\/v2\/posts\/24531","targetHints":{"allow":["GET"]}}],"collection":[{"href":"https:\/\/concellodezas.gal\/es\/wp-json\/wp\/v2\/posts"}],"about":[{"href":"https:\/\/concellodezas.gal\/es\/wp-json\/wp\/v2\/types\/post"}],"author":[{"embeddable":true,"href":"https:\/\/concellodezas.gal\/es\/wp-json\/wp\/v2\/users\/3"}],"replies":[{"embeddable":true,"href":"https:\/\/concellodezas.gal\/es\/wp-json\/wp\/v2\/comments?post=24531"}],"version-history":[{"count":0,"href":"https:\/\/concellodezas.gal\/es\/wp-json\/wp\/v2\/posts\/24531\/revisions"}],"wp:featuredmedia":[{"embeddable":true,"href":"https:\/\/concellodezas.gal\/es\/wp-json\/wp\/v2\/media\/24532"}],"wp:attachment":[{"href":"https:\/\/concellodezas.gal\/es\/wp-json\/wp\/v2\/media?parent=24531"}],"wp:term":[{"taxonomy":"category","embeddable":true,"href":"https:\/\/concellodezas.gal\/es\/wp-json\/wp\/v2\/categories?post=24531"},{"taxonomy":"post_tag","embeddable":true,"href":"https:\/\/concellodezas.gal\/es\/wp-json\/wp\/v2\/tags?post=24531"}],"curies":[{"name":"wp","href":"https:\/\/api.w.org\/{rel}","templated":true}]}}