{"id":24523,"date":"2020-03-15T19:04:46","date_gmt":"2020-03-15T18:04:46","guid":{"rendered":"https:\/\/concellodezas.gal\/nota-importante\/"},"modified":"2025-09-25T11:50:59","modified_gmt":"2025-09-25T09:50:59","slug":"nota-importante","status":"publish","type":"post","link":"https:\/\/concellodezas.gal\/es\/nota-importante\/","title":{"rendered":"NOTA IMPORTANTE"},"content":{"rendered":"<p>\u00a0<\/p>\n<p><img class=\"emoji emoji1f534\" alt=\"\" data-c=\" \" \/>Con motivo do Real Decreto 463\/2020, do 14 de marzo, polo que se declara o estado de alarma para a xesti\u00f3n da situaci\u00f3n de crise sanitaria ocasionada polo COVID-19 en todo o territorio nacional, informo de que o Concello de Zas abre as s\u00faas oficinas municipais no horario habitual para aqueles casos de necesidade e\/ou urxencia que afecten principalmente \u00e1s persoas m\u00e1is vulnerables nestes momentos como poden ser persoas maiores ou con patolox\u00edas cr\u00f3nicas que vivan soas.\u00a0<\/p>\n<p>Durante o estado de alarma, susp\u00e9ndense os prazos administrativos entre as diferentes administraci\u00f3ns p\u00fablicas que se reanudar\u00e1n no momento en que perda vixencia o real decreto ou, no seu caso, as pr\u00f3rrogas do mesmo.<\/p>\n<p>A veci\u00f1anza poder\u00e1 efectuar as s\u00faas consultas mediante v\u00eda telem\u00e1tica ou telef\u00f3nica a trav\u00e9s do enderezo electr\u00f3nico <a href=\"mailto:correo@concellodezas.org\">correo@concellodezas.org<\/a> ou no n\u00famero de tel\u00e9fono 981 70 83 03.<\/p>\n<p>Moitas grazas pola vosa comprensi\u00f3n e aproveito a ocasi\u00f3n para mandarvos moito \u00e1nimo. Estamos nunha situaci\u00f3n dif\u00edcil e dura da que conf\u00edo en que pronto sairemos co esforzo de todos e todas.<span class=\"Apple-converted-space\">\u00a0 <\/span>E lembrade seguir as recomendaci\u00f3ns das autoridades para protexernos do coronavirus.<\/p>\n<p>Manuel Mu\u00ed\u00f1o Espasand\u00edn<\/p>\n<p>Alcalde de Zas<\/p>\n<p>15 de marzo 2020<\/p>\n<p>\u00a0<\/p>\n","protected":false},"excerpt":{"rendered":"<p>\u00a0 Con motivo do Real Decreto 463\/2020, do 14 de marzo, polo que se declara o estado de alarma para a xesti\u00f3n da situaci\u00f3n de crise sanitaria ocasionada polo COVID-19 en todo o territorio nacional, informo de que o Concello de Zas abre as s\u00faas oficinas municipais no horario habitual para aqueles casos de necesidade [&hellip;]<\/p>\n","protected":false},"author":3,"featured_media":24524,"comment_status":"open","ping_status":"closed","sticky":false,"template":"","format":"standard","meta":{"slim_seo":{"title":"NOTA IMPORTANTE - Concello de Zas","description":"\u00a0 Con motivo do Real Decreto 463\/2020, do 14 de marzo, polo que se declara o estado de alarma para a xesti\u00f3n da situaci\u00f3n de crise sanitaria ocasionada polo COV"},"footnotes":""},"categories":[10],"tags":[],"class_list":["post-24523","post","type-post","status-publish","format-standard","has-post-thumbnail","hentry","category-concello"],"_links":{"self":[{"href":"https:\/\/concellodezas.gal\/es\/wp-json\/wp\/v2\/posts\/24523","targetHints":{"allow":["GET"]}}],"collection":[{"href":"https:\/\/concellodezas.gal\/es\/wp-json\/wp\/v2\/posts"}],"about":[{"href":"https:\/\/concellodezas.gal\/es\/wp-json\/wp\/v2\/types\/post"}],"author":[{"embeddable":true,"href":"https:\/\/concellodezas.gal\/es\/wp-json\/wp\/v2\/users\/3"}],"replies":[{"embeddable":true,"href":"https:\/\/concellodezas.gal\/es\/wp-json\/wp\/v2\/comments?post=24523"}],"version-history":[{"count":0,"href":"https:\/\/concellodezas.gal\/es\/wp-json\/wp\/v2\/posts\/24523\/revisions"}],"wp:featuredmedia":[{"embeddable":true,"href":"https:\/\/concellodezas.gal\/es\/wp-json\/wp\/v2\/media\/24524"}],"wp:attachment":[{"href":"https:\/\/concellodezas.gal\/es\/wp-json\/wp\/v2\/media?parent=24523"}],"wp:term":[{"taxonomy":"category","embeddable":true,"href":"https:\/\/concellodezas.gal\/es\/wp-json\/wp\/v2\/categories?post=24523"},{"taxonomy":"post_tag","embeddable":true,"href":"https:\/\/concellodezas.gal\/es\/wp-json\/wp\/v2\/tags?post=24523"}],"curies":[{"name":"wp","href":"https:\/\/api.w.org\/{rel}","templated":true}]}}