{"id":24414,"date":"2019-08-08T14:57:19","date_gmt":"2019-08-08T12:57:19","guid":{"rendered":"https:\/\/concellodezas.gal\/chega-unha-nova-edicion-de-os-venres-a-pe-con-tres-rutas-de-sendeirismo-para-toda-a-familia\/"},"modified":"2025-09-25T11:50:03","modified_gmt":"2025-09-25T09:50:03","slug":"chega-unha-nova-edicion-de-os-venres-a-pe-con-tres-rutas-de-sendeirismo-para-toda-a-familia","status":"publish","type":"post","link":"https:\/\/concellodezas.gal\/es\/chega-unha-nova-edicion-de-os-venres-a-pe-con-tres-rutas-de-sendeirismo-para-toda-a-familia\/","title":{"rendered":"Chega unha nova edici\u00f3n de \u201cOs venres a p\u00e9\u201d con tres rutas de sendeirismo para toda a familia"},"content":{"rendered":"<p><em>Esta \u00e9 unha actividade dirixida a maiores de 7 anos e adultos que se ter\u00e1 lugar os d\u00edas 9, 16 e 23 de agosto pola ma\u00f1\u00e1<\/em><\/p>\n<p>Ma\u00f1\u00e1 venres, 9 de agosto, arranca unha nova edici\u00f3n de <strong>\u201cOs venres a p\u00e9\u201d<\/strong> con tres novas rutas de sendeirismo polo noso municipio que realizaremos o 9, 16 e 23 de agosto en horario de ma\u00f1\u00e1.<\/p>\n<p>\u00a0\u201cOs venres a p\u00e9\u201d levarannos por algunhas das paraxes naturais m\u00e1is destacadas do noso municipio. A praza do Concello ser\u00e1 o punto de sa\u00edda e de chegada desta serie de percorridos de dificultade baixa e aptos para nenos e nenas maiores de 7 anos e para todos aqueles adultos que queiran participar. Para realizar estas rutas \u00e9 recomendables utilizar calzado e roupa e o uso de protecci\u00f3n solar. Ademais, os participantes poder\u00e1n levar a s\u00faa propia merenda xa que ao longo das rutas teremos tempo para descansar.<\/p>\n<p>Os\/as interesados en participar en calquera das rutas deben anotarse previamente chamando ao n\u00famero de tel\u00e9fono<strong>\u00a0<\/strong>981 751 398\u00a0ou\u00a0981 718 056. A inscrici\u00f3n \u00e9 de balde.<\/p>\n<p>Esta \u00e9 unha actividade organizada pola Conceller\u00eda de Cultura do Concello de Zas e que forma parte do programa <strong>\u201cZas no ver\u00e1n!\u201d<\/strong> posto en marcha o pasado mes de xu\u00f1o co fin de axudar \u00e1s familias do noso municipio en temas de conciliaci\u00f3n laboral e familiar.<\/p>\n","protected":false},"excerpt":{"rendered":"<p>Esta \u00e9 unha actividade dirixida a maiores de 7 anos e adultos que se ter\u00e1 lugar os d\u00edas 9, 16 e 23 de agosto pola ma\u00f1\u00e1 Ma\u00f1\u00e1 venres, 9 de agosto, arranca unha nova edici\u00f3n de \u201cOs venres a p\u00e9\u201d con tres novas rutas de sendeirismo polo noso municipio que realizaremos o 9, 16 e [&hellip;]<\/p>\n","protected":false},"author":3,"featured_media":24415,"comment_status":"open","ping_status":"closed","sticky":false,"template":"","format":"standard","meta":{"slim_seo":{"title":"Chega unha nova edici\u00f3n de \u201cOs venres a p\u00e9\u201d con tres rutas de sendeirismo para toda a familia - Concello de Zas","description":"Esta \u00e9 unha actividade dirixida a maiores de 7 anos e adultos que se ter\u00e1 lugar os d\u00edas 9, 16 e 23 de agosto pola ma\u00f1\u00e1 Ma\u00f1\u00e1 venres, 9 de agosto, arranca unha no"},"footnotes":""},"categories":[10],"tags":[],"class_list":["post-24414","post","type-post","status-publish","format-standard","has-post-thumbnail","hentry","category-concello"],"_links":{"self":[{"href":"https:\/\/concellodezas.gal\/es\/wp-json\/wp\/v2\/posts\/24414","targetHints":{"allow":["GET"]}}],"collection":[{"href":"https:\/\/concellodezas.gal\/es\/wp-json\/wp\/v2\/posts"}],"about":[{"href":"https:\/\/concellodezas.gal\/es\/wp-json\/wp\/v2\/types\/post"}],"author":[{"embeddable":true,"href":"https:\/\/concellodezas.gal\/es\/wp-json\/wp\/v2\/users\/3"}],"replies":[{"embeddable":true,"href":"https:\/\/concellodezas.gal\/es\/wp-json\/wp\/v2\/comments?post=24414"}],"version-history":[{"count":0,"href":"https:\/\/concellodezas.gal\/es\/wp-json\/wp\/v2\/posts\/24414\/revisions"}],"wp:featuredmedia":[{"embeddable":true,"href":"https:\/\/concellodezas.gal\/es\/wp-json\/wp\/v2\/media\/24415"}],"wp:attachment":[{"href":"https:\/\/concellodezas.gal\/es\/wp-json\/wp\/v2\/media?parent=24414"}],"wp:term":[{"taxonomy":"category","embeddable":true,"href":"https:\/\/concellodezas.gal\/es\/wp-json\/wp\/v2\/categories?post=24414"},{"taxonomy":"post_tag","embeddable":true,"href":"https:\/\/concellodezas.gal\/es\/wp-json\/wp\/v2\/tags?post=24414"}],"curies":[{"name":"wp","href":"https:\/\/api.w.org\/{rel}","templated":true}]}}