{"id":24406,"date":"2019-07-31T16:52:25","date_gmt":"2019-07-31T14:52:25","guid":{"rendered":"https:\/\/concellodezas.gal\/a-semana-cultural-traenos-unha-nova-xornada-con-contacontos-obradoiros-teatro-e-moito-mais\/"},"modified":"2025-09-25T11:50:03","modified_gmt":"2025-09-25T09:50:03","slug":"a-semana-cultural-traenos-unha-nova-xornada-con-contacontos-obradoiros-teatro-e-moito-mais","status":"publish","type":"post","link":"https:\/\/concellodezas.gal\/es\/a-semana-cultural-traenos-unha-nova-xornada-con-contacontos-obradoiros-teatro-e-moito-mais\/","title":{"rendered":"A Semana Cultural tr\u00e1enos unha nova xornada con contacontos, obradoiros, teatro,\u2026 e moito m\u00e1is!"},"content":{"rendered":"<p><em>O Auditorio do Concello acolle ma\u00f1\u00e1 \u00e1s 21:30 horas a obra de teatro \u201cBernarda\u201d de Malasombra<\/em><\/p>\n<p>En Zas seguimos a tope coa Semana Cultural que nos trae unha nova xornada con actividades para todos e para todas. Como sempre, comezaremos \u00e1s 12:00 horas cunha cita para os m\u00e1is novos da casa. Nesta ocasi\u00f3n, Ian&#038;Elisa tra\u00e9nnos ao Centro Sociocultural de Zas o seu espect\u00e1culo <strong>\u201cA maxia dos contos\u201d<\/strong> co que pasaremos un anaco do m\u00e1is entretido.<\/p>\n<p>E xa pola tarde continuar\u00e1 o <strong>curso de iniciaci\u00f3n ao baile tradicional<\/strong>, que imparte ao longo desta semana o grupo de baile Chur\u00eda, e o <strong>obradoiro \u201cArte con f\u00edos\u201d<\/strong> impartido por Bel\u00e9n Sand\u00eda. Para os m\u00e1is novos da casa haber\u00e1 unha nova actividade coa que po\u00f1er\u00e1n a s\u00faa imaxinaci\u00f3n a voar. Ser\u00e1 co obradoiro de \u201cComplementos celtas\u201d, dirixido a nenos e nenas de 4 a 12 anos. A\u00ednda quedan prazas libres polo que os\/as interesados\/as poden anotarse no n\u00famero de tel\u00e9fono 981 751 398.<\/p>\n<p>\u00c1s 19:30 horas ter\u00e1 lugar no Centro Sociocultural de Zas o <strong>recital po\u00e9tico \u201cPercorrendo vidas da Costa da Morte\u201d<\/strong> que nos ofrecer\u00e1n Zaira Corz\u00f3n, Ant\u00eda Ulloa e David Facal. E xa un pouco m\u00e1is tarde, \u00e1s 21:30 horas, traslad\u00e1monos ao Auditorio do Concello onde o grupo Malasombra nos interpretar\u00e1 a <strong>obra de teatro \u201cBernarda\u201d.<\/strong><\/p>\n<p>Todas as actividades son de balde.<\/p>\n","protected":false},"excerpt":{"rendered":"<p>O Auditorio do Concello acolle ma\u00f1\u00e1 \u00e1s 21:30 horas a obra de teatro \u201cBernarda\u201d de Malasombra En Zas seguimos a tope coa Semana Cultural que nos trae unha nova xornada con actividades para todos e para todas. Como sempre, comezaremos \u00e1s 12:00 horas cunha cita para os m\u00e1is novos da casa. Nesta ocasi\u00f3n, Ian&#038;Elisa tra\u00e9nnos [&hellip;]<\/p>\n","protected":false},"author":3,"featured_media":24407,"comment_status":"open","ping_status":"closed","sticky":false,"template":"","format":"standard","meta":{"slim_seo":{"title":"A Semana Cultural tr\u00e1enos unha nova xornada con contacontos, obradoiros, teatro,\u2026 e moito m\u00e1is! - Concello de Zas","description":"O Auditorio do Concello acolle ma\u00f1\u00e1 \u00e1s 21:30 horas a obra de teatro \u201cBernarda\u201d de Malasombra En Zas seguimos a tope coa Semana Cultural que nos trae unha nova x"},"footnotes":""},"categories":[10],"tags":[],"class_list":["post-24406","post","type-post","status-publish","format-standard","has-post-thumbnail","hentry","category-concello"],"_links":{"self":[{"href":"https:\/\/concellodezas.gal\/es\/wp-json\/wp\/v2\/posts\/24406","targetHints":{"allow":["GET"]}}],"collection":[{"href":"https:\/\/concellodezas.gal\/es\/wp-json\/wp\/v2\/posts"}],"about":[{"href":"https:\/\/concellodezas.gal\/es\/wp-json\/wp\/v2\/types\/post"}],"author":[{"embeddable":true,"href":"https:\/\/concellodezas.gal\/es\/wp-json\/wp\/v2\/users\/3"}],"replies":[{"embeddable":true,"href":"https:\/\/concellodezas.gal\/es\/wp-json\/wp\/v2\/comments?post=24406"}],"version-history":[{"count":0,"href":"https:\/\/concellodezas.gal\/es\/wp-json\/wp\/v2\/posts\/24406\/revisions"}],"wp:featuredmedia":[{"embeddable":true,"href":"https:\/\/concellodezas.gal\/es\/wp-json\/wp\/v2\/media\/24407"}],"wp:attachment":[{"href":"https:\/\/concellodezas.gal\/es\/wp-json\/wp\/v2\/media?parent=24406"}],"wp:term":[{"taxonomy":"category","embeddable":true,"href":"https:\/\/concellodezas.gal\/es\/wp-json\/wp\/v2\/categories?post=24406"},{"taxonomy":"post_tag","embeddable":true,"href":"https:\/\/concellodezas.gal\/es\/wp-json\/wp\/v2\/tags?post=24406"}],"curies":[{"name":"wp","href":"https:\/\/api.w.org\/{rel}","templated":true}]}}