{"id":24392,"date":"2019-07-12T12:25:30","date_gmt":"2019-07-12T10:25:30","guid":{"rendered":"https:\/\/concellodezas.gal\/inchables-xogos-merenda-con-flocos-de-millo-e-moito-mais-na-festa-infantil-de-zas\/"},"modified":"2025-09-25T11:49:55","modified_gmt":"2025-09-25T09:49:55","slug":"inchables-xogos-merenda-con-flocos-de-millo-e-moito-mais-na-festa-infantil-de-zas","status":"publish","type":"post","link":"https:\/\/concellodezas.gal\/es\/inchables-xogos-merenda-con-flocos-de-millo-e-moito-mais-na-festa-infantil-de-zas\/","title":{"rendered":"Inchables, xogos, merenda con flocos de millo,\u2026 e moito m\u00e1is na Festa Infantil de Zas"},"content":{"rendered":"<p><em>A cita \u00e9 ma\u00f1\u00e1 entre as 16:00 e as 20:00 horas nas instalaci\u00f3ns do Campo Municipal San Andr\u00e9s e na Piscina Municipal de Zas<\/em><\/p>\n<p>O Campo Municipal San Andr\u00e9s e a Piscina Municipal de Zas xa est\u00e1n preparados para acoller ma\u00f1\u00e1 a tradicional <strong>Festa Infantil<\/strong> que, como todos os anos, se incl\u00fae na programaci\u00f3n de ver\u00e1n artellada polo Concello de Zas.<\/p>\n<p>Inchables, tobog\u00e1ns acu\u00e1ticos, un touro mec\u00e1nico, a festa da escuma e unha merenda a base de flocos de millo son os ingredintes esenciais deste encontro que comeza \u00e1s 16:00 horas e que se prolongar\u00e1 ata as 20:00 horas.<\/p>\n<p>A entrada \u00e9 de balde para todos e todas e tan s\u00f3 \u00e9 necesario traer roupa de ba\u00f1o e chanclas para poder desfrutar da piscina.<\/p>\n","protected":false},"excerpt":{"rendered":"<p>A cita \u00e9 ma\u00f1\u00e1 entre as 16:00 e as 20:00 horas nas instalaci\u00f3ns do Campo Municipal San Andr\u00e9s e na Piscina Municipal de Zas O Campo Municipal San Andr\u00e9s e a Piscina Municipal de Zas xa est\u00e1n preparados para acoller ma\u00f1\u00e1 a tradicional Festa Infantil que, como todos os anos, se incl\u00fae na programaci\u00f3n de [&hellip;]<\/p>\n","protected":false},"author":3,"featured_media":24393,"comment_status":"open","ping_status":"closed","sticky":false,"template":"","format":"standard","meta":{"slim_seo":{"title":"Inchables, xogos, merenda con flocos de millo,\u2026 e moito m\u00e1is na Festa Infantil de Zas - Concello de Zas","description":"A cita \u00e9 ma\u00f1\u00e1 entre as 16:00 e as 20:00 horas nas instalaci\u00f3ns do Campo Municipal San Andr\u00e9s e na Piscina Municipal de Zas O Campo Municipal San Andr\u00e9s e a Pisc"},"footnotes":""},"categories":[10],"tags":[],"class_list":["post-24392","post","type-post","status-publish","format-standard","has-post-thumbnail","hentry","category-concello"],"_links":{"self":[{"href":"https:\/\/concellodezas.gal\/es\/wp-json\/wp\/v2\/posts\/24392","targetHints":{"allow":["GET"]}}],"collection":[{"href":"https:\/\/concellodezas.gal\/es\/wp-json\/wp\/v2\/posts"}],"about":[{"href":"https:\/\/concellodezas.gal\/es\/wp-json\/wp\/v2\/types\/post"}],"author":[{"embeddable":true,"href":"https:\/\/concellodezas.gal\/es\/wp-json\/wp\/v2\/users\/3"}],"replies":[{"embeddable":true,"href":"https:\/\/concellodezas.gal\/es\/wp-json\/wp\/v2\/comments?post=24392"}],"version-history":[{"count":0,"href":"https:\/\/concellodezas.gal\/es\/wp-json\/wp\/v2\/posts\/24392\/revisions"}],"wp:featuredmedia":[{"embeddable":true,"href":"https:\/\/concellodezas.gal\/es\/wp-json\/wp\/v2\/media\/24393"}],"wp:attachment":[{"href":"https:\/\/concellodezas.gal\/es\/wp-json\/wp\/v2\/media?parent=24392"}],"wp:term":[{"taxonomy":"category","embeddable":true,"href":"https:\/\/concellodezas.gal\/es\/wp-json\/wp\/v2\/categories?post=24392"},{"taxonomy":"post_tag","embeddable":true,"href":"https:\/\/concellodezas.gal\/es\/wp-json\/wp\/v2\/tags?post=24392"}],"curies":[{"name":"wp","href":"https:\/\/api.w.org\/{rel}","templated":true}]}}