{"id":23288,"date":"2009-11-02T00:00:00","date_gmt":"2009-11-01T23:00:00","guid":{"rendered":"https:\/\/concellodezas.gal\/zas-acolle-a-semana-da-saude-na-muller\/"},"modified":"2025-12-22T16:57:12","modified_gmt":"2025-12-22T15:57:12","slug":"zas-acolle-a-semana-da-saude-na-muller","status":"publish","type":"post","link":"https:\/\/concellodezas.gal\/es\/zas-acolle-a-semana-da-saude-na-muller\/","title":{"rendered":"ZAS ACOLLE A `SEMANA DA SA\u00daDE NA MULLER\u00b4"},"content":{"rendered":"<p>O vindeiro <strong>martes 3 de novembro<\/strong> a Dra. Alfonsina Uriburu impartir\u00e1 unha <strong>charla<\/strong> sobre <strong>xinecolox\u00eda<\/strong> \u00e1 que todas as mulleres do Concello estades invitadas. A cita \u00e9 \u00e1s <strong>7 e media da tarde<\/strong> no <strong>Centro Sociocultural<\/strong> de Zas. <\/p>\n<p>Esta iniciativa forma parte da <em>Semana da Sa\u00fade na Muller<\/em>, organizada polo departamento de Concellos Saudables.<br \/><strong>Nova sesi\u00f3n da campa\u00f1a de animaci\u00f3n \u00e1 lectura<\/strong><\/p>\n<p>Por outra banda, lembrar que contin\u00faa a campa\u00f1a de animaci\u00f3n \u00e1 lectura do Concello; o <strong>martes 3 de novembro<\/strong>, \u00e1s <strong>6 da tarde<\/strong>, ten lugar unha nova <strong>sesi\u00f3n de contacontos<\/strong> na <strong>Biblioteca Municipal<\/strong>, a cargo da <em>Compa\u00f1ia do Trinke Trinke<\/em>, dentro da campa\u00f1a de animaci\u00f3n \u00e1 lectura.<\/p>\n<p><strong>Acheg\u00e1devos !!<\/strong><\/p>\n","protected":false},"excerpt":{"rendered":"<p>O vindeiro martes 3 de novembro a Dra. Alfonsina Uriburu impartir\u00e1 unha charla sobre xinecolox\u00eda \u00e1 que todas as mulleres do Concello estades invitadas. A cita \u00e9 \u00e1s 7 e media da tarde no Centro Sociocultural de Zas. Esta iniciativa forma parte da Semana da Sa\u00fade na Muller, organizada polo departamento de Concellos Saudables.Nova sesi\u00f3n [&hellip;]<\/p>\n","protected":false},"author":5,"featured_media":0,"comment_status":"open","ping_status":"closed","sticky":false,"template":"","format":"standard","meta":{"slim_seo":{"title":"ZAS ACOLLE A `SEMANA DA SA\u00daDE NA MULLER\u00b4 - Concello de Zas","description":"O vindeiro martes 3 de novembro a Dra. Alfonsina Uriburu impartir\u00e1 unha charla sobre xinecolox\u00eda \u00e1 que todas as mulleres do Concello estades invitadas. A cita \u00e9"},"footnotes":""},"categories":[10],"tags":[],"class_list":["post-23288","post","type-post","status-publish","format-standard","hentry","category-concello"],"_links":{"self":[{"href":"https:\/\/concellodezas.gal\/es\/wp-json\/wp\/v2\/posts\/23288","targetHints":{"allow":["GET"]}}],"collection":[{"href":"https:\/\/concellodezas.gal\/es\/wp-json\/wp\/v2\/posts"}],"about":[{"href":"https:\/\/concellodezas.gal\/es\/wp-json\/wp\/v2\/types\/post"}],"author":[{"embeddable":true,"href":"https:\/\/concellodezas.gal\/es\/wp-json\/wp\/v2\/users\/5"}],"replies":[{"embeddable":true,"href":"https:\/\/concellodezas.gal\/es\/wp-json\/wp\/v2\/comments?post=23288"}],"version-history":[{"count":1,"href":"https:\/\/concellodezas.gal\/es\/wp-json\/wp\/v2\/posts\/23288\/revisions"}],"predecessor-version":[{"id":29738,"href":"https:\/\/concellodezas.gal\/es\/wp-json\/wp\/v2\/posts\/23288\/revisions\/29738"}],"wp:attachment":[{"href":"https:\/\/concellodezas.gal\/es\/wp-json\/wp\/v2\/media?parent=23288"}],"wp:term":[{"taxonomy":"category","embeddable":true,"href":"https:\/\/concellodezas.gal\/es\/wp-json\/wp\/v2\/categories?post=23288"},{"taxonomy":"post_tag","embeddable":true,"href":"https:\/\/concellodezas.gal\/es\/wp-json\/wp\/v2\/tags?post=23288"}],"curies":[{"name":"wp","href":"https:\/\/api.w.org\/{rel}","templated":true}]}}