{"id":23014,"date":"2025-08-19T20:00:36","date_gmt":"2025-08-19T18:00:36","guid":{"rendered":"https:\/\/concellodezas.gal\/?p=23014"},"modified":"2025-12-22T16:47:10","modified_gmt":"2025-12-22T15:47:10","slug":"o-mercado-de-san-ramon-volve-as-torres-do-allo-cunha-xornada-de-artesania-musica-e-tradicion","status":"publish","type":"post","link":"https:\/\/concellodezas.gal\/es\/o-mercado-de-san-ramon-volve-as-torres-do-allo-cunha-xornada-de-artesania-musica-e-tradicion\/","title":{"rendered":"O Mercado de San Ram\u00f3n volve \u00e1s Torres do Allo cunha xornada de artesan\u00eda, m\u00fasica e tradici\u00f3n"},"content":{"rendered":"<p>O vindeiro domingo 31 de agosto, as <a href=\"https:\/\/www.torresdoallo.gal\/\">Torres do Allo<\/a> acoller\u00e1n unha nova edici\u00f3n do <strong>Mercado de San Ram\u00f3n<\/strong>, unha cita que encher\u00e1 o hist\u00f3rico recinto de creatividade e cultura popular. O evento, organizado polo Concello de Zas coa colaboraci\u00f3n da Deputaci\u00f3n da Coru\u00f1a, desenvolverase de 11:00 a 19:00 horas e reunir\u00e1 artes\u00e1ns, m\u00fasicos e p\u00fablico de todas as idades nun ambiente \u00fanico.<\/p>\n<p>O Mercado de Artesan\u00eda ofrecer\u00e1 aos visitantes a oportunidade de co\u00f1ecer e adquirir pezas \u00fanicas de artesan\u00eda, as\u00ed como de participar en actividades pensadas para toda a familia. Entre as propostas, destacan a demostraci\u00f3n de <strong>fabricaci\u00f3n de pandeiros<\/strong> e o <strong>obradoiro de modelado de barro<\/strong>. Este \u00faltimo ter\u00e1 lugar \u00e1s 12:00 horas (con inscrici\u00f3n previa no 981 718 056).<\/p>\n<p>A m\u00fasica tam\u00e9n ter\u00e1 un papel protagonista. \u00c1s 14:30 horas actuar\u00e1<strong> Unto Vell<\/strong>o, e \u00e1s 18:00 horas ser\u00e1 a quenda de <strong>C\u00e9 Orquestra Pantasma<\/strong>, que previamente, \u00e1s 17:00 horas, dirixir\u00e1 un obradoiro sonoro.<\/p>\n<p>Con este programa, o Mercado de San Ram\u00f3n consol\u00eddase como unha das citas imprescindibles do ver\u00e1n na comarca, combinando artesan\u00eda, m\u00fasica en directo e actividades participativas nun entorno patrimonial de gran valor.<\/p>\n","protected":false},"excerpt":{"rendered":"<p>Ser\u00e1 o vindeiro 31 de agosto<\/p>\n","protected":false},"author":5,"featured_media":22994,"comment_status":"open","ping_status":"closed","sticky":false,"template":"","format":"standard","meta":{"slim_seo":{"title":"O Mercado de San Ram\u00f3n volve \u00e1s Torres do Allo cunha xornada de artesan\u00eda, m\u00fasica e tradici\u00f3n - Concello de Zas","description":"Ser\u00e1 o vindeiro 31 de agosto"},"footnotes":""},"categories":[414],"tags":[429,430,372],"class_list":["post-23014","post","type-post","status-publish","format-standard","has-post-thumbnail","hentry","category-emprego","tag-san-ramon","tag-torres-do-allo","tag-zas"],"_links":{"self":[{"href":"https:\/\/concellodezas.gal\/es\/wp-json\/wp\/v2\/posts\/23014","targetHints":{"allow":["GET"]}}],"collection":[{"href":"https:\/\/concellodezas.gal\/es\/wp-json\/wp\/v2\/posts"}],"about":[{"href":"https:\/\/concellodezas.gal\/es\/wp-json\/wp\/v2\/types\/post"}],"author":[{"embeddable":true,"href":"https:\/\/concellodezas.gal\/es\/wp-json\/wp\/v2\/users\/5"}],"replies":[{"embeddable":true,"href":"https:\/\/concellodezas.gal\/es\/wp-json\/wp\/v2\/comments?post=23014"}],"version-history":[{"count":1,"href":"https:\/\/concellodezas.gal\/es\/wp-json\/wp\/v2\/posts\/23014\/revisions"}],"predecessor-version":[{"id":28974,"href":"https:\/\/concellodezas.gal\/es\/wp-json\/wp\/v2\/posts\/23014\/revisions\/28974"}],"wp:featuredmedia":[{"embeddable":true,"href":"https:\/\/concellodezas.gal\/es\/wp-json\/wp\/v2\/media\/22994"}],"wp:attachment":[{"href":"https:\/\/concellodezas.gal\/es\/wp-json\/wp\/v2\/media?parent=23014"}],"wp:term":[{"taxonomy":"category","embeddable":true,"href":"https:\/\/concellodezas.gal\/es\/wp-json\/wp\/v2\/categories?post=23014"},{"taxonomy":"post_tag","embeddable":true,"href":"https:\/\/concellodezas.gal\/es\/wp-json\/wp\/v2\/tags?post=23014"}],"curies":[{"name":"wp","href":"https:\/\/api.w.org\/{rel}","templated":true}]}}