{"id":23013,"date":"2025-08-21T17:12:26","date_gmt":"2025-08-21T15:12:26","guid":{"rendered":"https:\/\/concellodezas.gal\/?p=23013"},"modified":"2025-12-22T16:47:10","modified_gmt":"2025-12-22T15:47:10","slug":"mana-abrese-ao-trafico-a-nova-ponte-de-acceso-ao-parque-empresarial-de-o-allo","status":"publish","type":"post","link":"https:\/\/concellodezas.gal\/es\/mana-abrese-ao-trafico-a-nova-ponte-de-acceso-ao-parque-empresarial-de-o-allo\/","title":{"rendered":"Ma\u00f1\u00e1 \u00e1brese ao tr\u00e1fico a nova ponte de acceso ao parque empresarial de O Allo"},"content":{"rendered":"<p>Ma\u00f1\u00e1, a partir das 09:00 horas, quedar\u00e1 aberta ao tr\u00e1fico <b>a nova ponte de acceso ao Parque Empresarial de O Allo <\/b>e a que ser\u00e1 unha das portas de entrada ao <a href=\"https:\/\/concellodezas.org\/nace-o-parque-cientifico-e-tecnoloxico-da-costa-da-morte\/\">Parque Cient\u00edfico e Tecnol\u00f3xico da Costa da Morte<\/a>.<span class=\"Apple-converted-space\">\u00a0<\/span><\/p>\n<p>O Concello de Zas investiu un total de 162.785,03\u20ac nestes traballos que tiveron unha duraci\u00f3n de tres meses e que se incl\u00faen no plan de mellora da rede de estradas municipais. As obras consistiron na demolici\u00f3n da antiga ponte, o acondicionamento do cauce e na colocaci\u00f3n dunhas vigas prefabricadas que son as que soste\u00f1en un taboleiro de case nove metros de ancho que permiten que a ponte te\u00f1a agora dous carr\u00eds de circulaci\u00f3n, un en cada sentido, e unha franxa peonil de 1,5 metros.<\/p>\n<p>Esta ma\u00f1\u00e1, o Alcalde de Zas, Manuel Mu\u00ed\u00f1o; e o Tenente de Alcalde, Jos\u00e9 Manuel Brenlla; acheg\u00e1ronse ata a zona. \u201cCoa nova ponte mell\u00f3rase de forma considerable o acceso ao Parque Empresarial de O Allo facilitando a entrada a cami\u00f3ns e outros veh\u00edculos de gran volume e tam\u00e9n ser\u00e1 unha das portas de entrada ao Parque Cient\u00edfico e Tecnol\u00f3xico da Costa da Morte que xa est\u00e1 en marcha despois de varios meses de xesti\u00f3ns administrativas\u201d, sinalou o rexedor. <span class=\"Apple-converted-space\">\u00a0<\/span><\/p>\n","protected":false},"excerpt":{"rendered":"<p>Conta con dous carr\u00eds de circulaci\u00f3n, un en cada sentido, e unha franxa peonil de 1,5 metros<\/p>\n","protected":false},"author":5,"featured_media":22991,"comment_status":"open","ping_status":"closed","sticky":false,"template":"","format":"standard","meta":{"slim_seo":{"title":"Ma\u00f1\u00e1 \u00e1brese ao tr\u00e1fico a nova ponte de acceso ao parque empresarial de O Allo - Concello de Zas","description":"Conta con dous carr\u00eds de circulaci\u00f3n, un en cada sentido, e unha franxa peonil de 1,5 metros"},"footnotes":""},"categories":[416],"tags":[432,433,434,435,372],"class_list":["post-23013","post","type-post","status-publish","format-standard","has-post-thumbnail","hentry","category-urbanismo","tag-allo","tag-estradas","tag-parque-cientifio-e-tecnoloxico","tag-parque-empresarial","tag-zas"],"_links":{"self":[{"href":"https:\/\/concellodezas.gal\/es\/wp-json\/wp\/v2\/posts\/23013","targetHints":{"allow":["GET"]}}],"collection":[{"href":"https:\/\/concellodezas.gal\/es\/wp-json\/wp\/v2\/posts"}],"about":[{"href":"https:\/\/concellodezas.gal\/es\/wp-json\/wp\/v2\/types\/post"}],"author":[{"embeddable":true,"href":"https:\/\/concellodezas.gal\/es\/wp-json\/wp\/v2\/users\/5"}],"replies":[{"embeddable":true,"href":"https:\/\/concellodezas.gal\/es\/wp-json\/wp\/v2\/comments?post=23013"}],"version-history":[{"count":1,"href":"https:\/\/concellodezas.gal\/es\/wp-json\/wp\/v2\/posts\/23013\/revisions"}],"predecessor-version":[{"id":28973,"href":"https:\/\/concellodezas.gal\/es\/wp-json\/wp\/v2\/posts\/23013\/revisions\/28973"}],"wp:featuredmedia":[{"embeddable":true,"href":"https:\/\/concellodezas.gal\/es\/wp-json\/wp\/v2\/media\/22991"}],"wp:attachment":[{"href":"https:\/\/concellodezas.gal\/es\/wp-json\/wp\/v2\/media?parent=23013"}],"wp:term":[{"taxonomy":"category","embeddable":true,"href":"https:\/\/concellodezas.gal\/es\/wp-json\/wp\/v2\/categories?post=23013"},{"taxonomy":"post_tag","embeddable":true,"href":"https:\/\/concellodezas.gal\/es\/wp-json\/wp\/v2\/tags?post=23013"}],"curies":[{"name":"wp","href":"https:\/\/api.w.org\/{rel}","templated":true}]}}