{"id":23011,"date":"2025-08-26T20:35:15","date_gmt":"2025-08-26T18:35:15","guid":{"rendered":"https:\/\/concellodezas.gal\/?p=23011"},"modified":"2025-12-22T16:47:10","modified_gmt":"2025-12-22T15:47:10","slug":"o-mercado-de-san-ramon-regresa-este-domingo-as-torres-do-allo-con-vinte-postos-de-artesania-e-moita-musica","status":"publish","type":"post","link":"https:\/\/concellodezas.gal\/es\/o-mercado-de-san-ramon-regresa-este-domingo-as-torres-do-allo-con-vinte-postos-de-artesania-e-moita-musica\/","title":{"rendered":"O Mercado de San Ram\u00f3n regresa este domingo \u00e1s Torres do Allo con vinte postos de artesan\u00eda e moita m\u00fasica"},"content":{"rendered":"<p>A contorna das Torres do Allo acollen este domingo, d\u00eda 31, unha nova edici\u00f3n do <a href=\"https:\/\/concellodezas.org\/o-mercado-de-san-ramon-volve-as-torres-do-allo-cunha-xornada-de-artesania-musica-e-tradicion\/\"><b>Mercado de San Ram\u00f3n<\/b><\/a>; unha das festas tradicionais da nosa contorna recuperada hai uns anos polo equipo de Goberno do Concello de Zas.<\/p>\n<p>Un dos pratos fortes deste evento \u00e9 <b>feira de artesan\u00eda,<\/b> que este ano contar\u00e1 cuns vinte expositores chegados dende distintos puntos de toda a comunidade e que ofrecer\u00e1n produtos de todo tipo feitos artesanalmente como coiro, resina, artesan\u00eda en papel, palla, xoguetes, instrumentos musicais, bisuter\u00eda, cesteir\u00eda\u2026 Os postos estar\u00e1n abertos ao p\u00fablico de 11:00 a 19:00 horas.<\/p>\n<p>As 12:00 horas realizaremos un <b>obradoiro de modelado de barro<\/b> dirixido a todas as persoas, independentemente da s\u00faa idade, e para o que \u00e9 necesario anotarse previamente no 981 718 056. Durante a xornada tam\u00e9n haber\u00e1 unha demostraci\u00f3n de fabricaci\u00f3n de pandeiros.<\/p>\n<p>Coma sempre, a m\u00fasica ter\u00e1 un protagonismo especial. O grupo <b>Unto Vello<\/b> ser\u00e1 o encargado de amenizar a sesi\u00f3n verm\u00fa, a iso das 14:30 horas. E \u00e1 tarde, a partir das 17:00 horas, <b>C\u00e9 Orquesta Pantasma <\/b>dirixir\u00e1 un obradoiro sonoro para a rapazada seguido dun concerto co que pecharemos a festa.<span class=\"Apple-converted-space\">\u00a0<\/span><\/p>\n<p>O Concello de Zas, adem\u00e1is de acondicionar a contorna para a ocasi\u00f3n, habilitar\u00e1 unha zona para todas aquelas persoas que queiran desfrutar da s\u00faa propia <b>merenda<\/b> na festa, tal e como se fac\u00eda anos atr\u00e1s.<span class=\"Apple-converted-space\">\u00a0<\/span><\/p>\n<p>O Mercado de San Ram\u00f3n \u00e9 adem\u00e1is o encargado de pechar a programaci\u00f3n de ver\u00e1n organizada polo Concello de Zas e que segundo indica o Alcalde, Manuel Mu\u00ed\u00f1o, \u201cfoi un \u00e9xito tanto na asistencia \u00e1s actividades como na calidade das mesmas\u201d.<span class=\"Apple-converted-space\">\u00a0<\/span><\/p>\n","protected":false},"excerpt":{"rendered":"<p>Unto Vello encargarase de amenizar a sesi\u00f3n verm\u00fa a partir das 14:30 horas<\/p>\n","protected":false},"author":5,"featured_media":22987,"comment_status":"open","ping_status":"closed","sticky":false,"template":"","format":"standard","meta":{"slim_seo":{"title":"O Mercado de San Ram\u00f3n regresa este domingo \u00e1s Torres do Allo con vinte postos de artesan\u00eda e moita m\u00fasica - Concello de Zas","description":"Unto Vello encargarase de amenizar a sesi\u00f3n verm\u00fa a partir das 14:30 horas"},"footnotes":""},"categories":[414],"tags":[429,430,372],"class_list":["post-23011","post","type-post","status-publish","format-standard","has-post-thumbnail","hentry","category-emprego","tag-san-ramon","tag-torres-do-allo","tag-zas"],"_links":{"self":[{"href":"https:\/\/concellodezas.gal\/es\/wp-json\/wp\/v2\/posts\/23011","targetHints":{"allow":["GET"]}}],"collection":[{"href":"https:\/\/concellodezas.gal\/es\/wp-json\/wp\/v2\/posts"}],"about":[{"href":"https:\/\/concellodezas.gal\/es\/wp-json\/wp\/v2\/types\/post"}],"author":[{"embeddable":true,"href":"https:\/\/concellodezas.gal\/es\/wp-json\/wp\/v2\/users\/5"}],"replies":[{"embeddable":true,"href":"https:\/\/concellodezas.gal\/es\/wp-json\/wp\/v2\/comments?post=23011"}],"version-history":[{"count":1,"href":"https:\/\/concellodezas.gal\/es\/wp-json\/wp\/v2\/posts\/23011\/revisions"}],"predecessor-version":[{"id":28971,"href":"https:\/\/concellodezas.gal\/es\/wp-json\/wp\/v2\/posts\/23011\/revisions\/28971"}],"wp:featuredmedia":[{"embeddable":true,"href":"https:\/\/concellodezas.gal\/es\/wp-json\/wp\/v2\/media\/22987"}],"wp:attachment":[{"href":"https:\/\/concellodezas.gal\/es\/wp-json\/wp\/v2\/media?parent=23011"}],"wp:term":[{"taxonomy":"category","embeddable":true,"href":"https:\/\/concellodezas.gal\/es\/wp-json\/wp\/v2\/categories?post=23011"},{"taxonomy":"post_tag","embeddable":true,"href":"https:\/\/concellodezas.gal\/es\/wp-json\/wp\/v2\/tags?post=23011"}],"curies":[{"name":"wp","href":"https:\/\/api.w.org\/{rel}","templated":true}]}}