{"id":23009,"date":"2025-09-05T07:18:31","date_gmt":"2025-09-05T05:18:31","guid":{"rendered":"https:\/\/concellodezas.gal\/?p=23009"},"modified":"2025-12-22T16:47:10","modified_gmt":"2025-12-22T15:47:10","slug":"o-concello-de-zas-investiu-mais-de-400-000-euros-nas-obras-de-mellora-do-interior-e-exterior-do-edicifio-da-escola-infantil","status":"publish","type":"post","link":"https:\/\/concellodezas.gal\/es\/o-concello-de-zas-investiu-mais-de-400-000-euros-nas-obras-de-mellora-do-interior-e-exterior-do-edicifio-da-escola-infantil\/","title":{"rendered":"O Concello de Zas investiu m\u00e1is de 400.000 euros nas obras de mellora do interior e exterior do edicifio da Escola Infantil"},"content":{"rendered":"<p>&nbsp;<\/p>\n<p>O Alcalde de Zas, Manuel Mu\u00ed\u00f1o; o Tenente de Alcalde, Jos\u00e9 Manuel Brenlla;<span class=\"Apple-converted-space\">\u00a0 <\/span>e o Director de Obra, Fernando Garrido; mantiveron onte un encontro cos pais e nais dos nenos e nenas matriculados na <b>Escola Infantil de Zas<\/b> para o curso 2025-2026.<span class=\"Apple-converted-space\">\u00a0<\/span><\/p>\n<p>Durante a xuntanza inform\u00e1ronos sobre <b>os traballos que se est\u00e1n a realizar actualmente <\/b>no exterior e interior do edificio que te\u00f1en como obxectivo principal a mellora da eficiencia enerx\u00e9tica coas que se mellorar\u00e1n tam\u00e9n o confort e a habitabilidade do mesmo. \u201cPara o noso equipo de Goberno \u00e9 unha prioridade a mellora dos servizos e estas eran unha obras moi necesarias que nos outorgar\u00e1n unhas instalaci\u00f3ns de primeiro nivel\u201d, destaca o Alcalde. \u201cGrazas a esta reforma e modernizaci\u00f3n a Escola Infantil de Zas \u00e9 unha das m\u00e1is modernas e eficientes enerxeticamente da Costa da Morte\u201d, sinala Mu\u00ed\u00f1o.<\/p>\n<p>As obras, que comezaron no mes de agosto (aproveitando que o centro estivo pechado polas vacaci\u00f3ns de ver\u00e1n) e que continuar\u00e1n durante as vindeiras semanas, consistiron principalmente na renovaci\u00f3n das fachadas &#8211; que se aillaron co sistema SATE -, da carpinter\u00eda met\u00e1lica e da cuberta. Adem\u00e1is instalouse un sistema de calefacci\u00f3n aerot\u00e9rmico co que se reducir\u00e1 notablemente o consumo enerx\u00e9tico do edificio e ga\u00f1arase en confort.<\/p>\n<p>O Concello de Zas destinou un total de 231.213,71\u20ac a estes traballos e que se suman os <a href=\"https:\/\/concellodezas.org\/reabre-a-escola-infantil-de-zas-con-mais-prazas-e-servizos-tras-os-traballos-de-reforma-e-ampliacion-nos-que-o-concello-investiu-mais-de-100-000e\/\">traballos realizados no anos 2022 que permitiron aumentar o n\u00famero de plazas coa creaci\u00f3n de novos espazos<\/a> (tales como unha coci\u00f1a) e a instalaci\u00f3n dun ascensor.<span class=\"Apple-converted-space\">\u00a0<\/span><\/p>\n<p>Actualmente est\u00e1n cubertas todas as demandas de praza e durante este curso 2025-2026 uns 40 nenos e nenas de 0 a 3 anos do noso municipio e doutros lim\u00edtrofes far\u00e1n uso da Escola Infantil de Zas integrada na rede p\u00fablica de A Gali\u00f1a Azul.<span class=\"Apple-converted-space\">\u00a0 \u00a0<\/span><\/p>\n","protected":false},"excerpt":{"rendered":"<p>O Alcalde, Manuel Mu\u00ed\u00f1o; o Tenente de Alcalde, Jos\u00e9 Manuel Brenlla; e o Director de Obra, Fernando Garrido; mantiveron esta ma\u00f1\u00e1 un encontro cos pais e nais dos usuarios\/as para informalos sobre o estado dos traballos actuais<\/p>\n","protected":false},"author":5,"featured_media":22985,"comment_status":"open","ping_status":"closed","sticky":false,"template":"","format":"standard","meta":{"slim_seo":{"title":"O Concello de Zas investiu m\u00e1is de 400.000 euros nas obras de mellora do interior e exterior do edicifio da Escola Infantil - Concello de Zas","description":"O Alcalde, Manuel Mu\u00ed\u00f1o; o Tenente de Alcalde, Jos\u00e9 Manuel Brenlla; e o Director de Obra, Fernando Garrido; mantiveron esta ma\u00f1\u00e1 un encontro cos pais e nais dos"},"footnotes":""},"categories":[412],"tags":[428,427,372],"class_list":["post-23009","post","type-post","status-publish","format-standard","has-post-thumbnail","hentry","category-servizos-sociais","tag-escola-infantil","tag-obras","tag-zas"],"_links":{"self":[{"href":"https:\/\/concellodezas.gal\/es\/wp-json\/wp\/v2\/posts\/23009","targetHints":{"allow":["GET"]}}],"collection":[{"href":"https:\/\/concellodezas.gal\/es\/wp-json\/wp\/v2\/posts"}],"about":[{"href":"https:\/\/concellodezas.gal\/es\/wp-json\/wp\/v2\/types\/post"}],"author":[{"embeddable":true,"href":"https:\/\/concellodezas.gal\/es\/wp-json\/wp\/v2\/users\/5"}],"replies":[{"embeddable":true,"href":"https:\/\/concellodezas.gal\/es\/wp-json\/wp\/v2\/comments?post=23009"}],"version-history":[{"count":1,"href":"https:\/\/concellodezas.gal\/es\/wp-json\/wp\/v2\/posts\/23009\/revisions"}],"predecessor-version":[{"id":28969,"href":"https:\/\/concellodezas.gal\/es\/wp-json\/wp\/v2\/posts\/23009\/revisions\/28969"}],"wp:featuredmedia":[{"embeddable":true,"href":"https:\/\/concellodezas.gal\/es\/wp-json\/wp\/v2\/media\/22985"}],"wp:attachment":[{"href":"https:\/\/concellodezas.gal\/es\/wp-json\/wp\/v2\/media?parent=23009"}],"wp:term":[{"taxonomy":"category","embeddable":true,"href":"https:\/\/concellodezas.gal\/es\/wp-json\/wp\/v2\/categories?post=23009"},{"taxonomy":"post_tag","embeddable":true,"href":"https:\/\/concellodezas.gal\/es\/wp-json\/wp\/v2\/tags?post=23009"}],"curies":[{"name":"wp","href":"https:\/\/api.w.org\/{rel}","templated":true}]}}