{"id":23008,"date":"2025-09-10T07:39:47","date_gmt":"2025-09-10T05:39:47","guid":{"rendered":"https:\/\/concellodezas.gal\/?p=23008"},"modified":"2025-12-22T16:47:10","modified_gmt":"2025-12-22T15:47:10","slug":"programa-de-actividades-2025-2026","status":"publish","type":"post","link":"https:\/\/concellodezas.gal\/es\/programa-de-actividades-2025-2026\/","title":{"rendered":"Programa de actividades 2025-2026"},"content":{"rendered":"\n<p>Xa est\u00e1 aberto o prazo para anotarse nas <strong>30 actividades culturais, dixitais e deportivas<\/strong> organizadas polo Concello de Zas no marco do programa anual de actividades co que pretendemos dar unha gran oferta de ocio e tempo libre para todos os p\u00fablicos. As actividades comezan o 6 de outubro e para participar \u00e9 obrigatorio presentar previamente a folla de inscrici\u00f3n.<\/p>\n\n\n\n<p>M\u00e1is info e inscrici\u00f3ns:<\/p>\n\n\n\n<ul class=\"wp-block-list\">\n<li>Biblioteca e Aula de Inform\u00e1tica de Zas\u00a0<\/li>\n\n\n\n<li>Biblioteca e Aula de Inform\u00e1tica de Baio\u00a0<\/li>\n\n\n\n<li>Concello de Zas<\/li>\n<\/ul>\n","protected":false},"excerpt":{"rendered":"<p>O prazo de inscrici\u00f3n est\u00e1 aberto ata o 2 de outubro<\/p>\n","protected":false},"author":5,"featured_media":22984,"comment_status":"open","ping_status":"closed","sticky":false,"template":"","format":"standard","meta":{"slim_seo":{"title":"Programa de actividades 2025-2026 - Concello de Zas","description":"O prazo de inscrici\u00f3n est\u00e1 aberto ata o 2 de outubro"},"footnotes":""},"categories":[413],"tags":[],"class_list":["post-23008","post","type-post","status-publish","format-standard","has-post-thumbnail","hentry","category-cultura-e-deportes"],"_links":{"self":[{"href":"https:\/\/concellodezas.gal\/es\/wp-json\/wp\/v2\/posts\/23008","targetHints":{"allow":["GET"]}}],"collection":[{"href":"https:\/\/concellodezas.gal\/es\/wp-json\/wp\/v2\/posts"}],"about":[{"href":"https:\/\/concellodezas.gal\/es\/wp-json\/wp\/v2\/types\/post"}],"author":[{"embeddable":true,"href":"https:\/\/concellodezas.gal\/es\/wp-json\/wp\/v2\/users\/5"}],"replies":[{"embeddable":true,"href":"https:\/\/concellodezas.gal\/es\/wp-json\/wp\/v2\/comments?post=23008"}],"version-history":[{"count":1,"href":"https:\/\/concellodezas.gal\/es\/wp-json\/wp\/v2\/posts\/23008\/revisions"}],"predecessor-version":[{"id":28968,"href":"https:\/\/concellodezas.gal\/es\/wp-json\/wp\/v2\/posts\/23008\/revisions\/28968"}],"wp:featuredmedia":[{"embeddable":true,"href":"https:\/\/concellodezas.gal\/es\/wp-json\/wp\/v2\/media\/22984"}],"wp:attachment":[{"href":"https:\/\/concellodezas.gal\/es\/wp-json\/wp\/v2\/media?parent=23008"}],"wp:term":[{"taxonomy":"category","embeddable":true,"href":"https:\/\/concellodezas.gal\/es\/wp-json\/wp\/v2\/categories?post=23008"},{"taxonomy":"post_tag","embeddable":true,"href":"https:\/\/concellodezas.gal\/es\/wp-json\/wp\/v2\/tags?post=23008"}],"curies":[{"name":"wp","href":"https:\/\/api.w.org\/{rel}","templated":true}]}}