{"id":20088,"date":"2025-07-28T20:00:09","date_gmt":"2025-07-28T18:00:09","guid":{"rendered":"https:\/\/concellodezas.org\/?p=20088"},"modified":"2025-12-22T16:47:11","modified_gmt":"2025-12-22T15:47:11","slug":"xa-case-esta-aqui-a-semana-cultural-de-zas","status":"publish","type":"post","link":"https:\/\/concellodezas.gal\/es\/xa-case-esta-aqui-a-semana-cultural-de-zas\/","title":{"rendered":"Xa case est\u00e1 aqu\u00ed a Semana Cultural de Zas"},"content":{"rendered":"<p>Xa temos todo preparado para po\u00f1er en marcha unha nova <b>Semana Cultural<span class=\"Apple-converted-space\">\u00a0 <\/span><\/b>organizada polo Concello de Zas e que lle dar\u00e1 paso \u00e1 <a href=\"https:\/\/www.festadacarballeira.com\/?lang=es\"><b>40\u00aa edici\u00f3n da Festa da Carballeira<\/b><\/a>, que se celebra o 8 e 9 de agosto.<\/p>\n<p>\u201cUn ano m\u00e1is organizamos unha potente Semana Cultural con actividades culturais e de ocio de primeiro nivel e para todos os gustos\u201d, sinala o Alcalde, Manuel Mu\u00ed\u00f1o. Esta Semana Cultural est\u00e1 adicada \u00e1s Cantareiras, as homenaxeadas no D\u00eda das Letras Galegas, con varias actividades que xiran ao redor desta tem\u00e1tica. E coma sempre haber\u00e1 actividades infant\u00eds, para adultos, a tradicional andaina nocturna, exposici\u00f3ns, presentaci\u00f3ns de libros, actuaci\u00f3ns musicais, teatro, mon\u00f3logo e un espazo especial adicado aos Premios Fouci\u00f1o. O Centro Sociocultural de Zas -CSC- ser\u00e1 un dos puntos centrais de toda a programaci\u00f3n que vos debullamos a continuaci\u00f3n:<\/p>\n<p><b>Luns, 4 de agosto<\/b><\/p>\n<ul>\n<li>12:00 horas: Obradoiro infantil de Danza Urbana con Noa Mart\u00ednez, de Punto Cero. CSC de Zas. (Con inscrici\u00f3n previa).<\/li>\n<li>17:00 horas: Obradoiro infantil \u201cPuntadas divertidas\u201d, con Ana Trasariz. CSC de Zas. (Con inscrici\u00f3n previa).<\/li>\n<li>17:30 horas: Demostraci\u00f3n de coci\u00f1a sen lume da man de Dani Santos. CSC de Zas. (Con inscrici\u00f3n previa).<\/li>\n<li>20:00 horas: Presentacion do libro \u201cPandereteiras\u201d con Ic\u00eda Varela, Xos\u00e9 Manuel Varela e Nerea G\u00f3mez no CSC de Zas.<\/li>\n<li>21:00 horas: Andaina nocturna cun roteiro polo patrimonio hist\u00f3rico de Zas que rematar\u00e1 cunha observaci\u00f3n sobre astronom\u00eda cultural guiada por Ant\u00f3n Bouzas (bi\u00f3logo, paisaxista e experto en astronom\u00eda cultural). O punto de sa\u00edda \u00e9 a Praza do Concello de Zas. Para asistir \u00e9 necesario anotarse previamente e o n\u00famero de prazas est\u00e1 limitado.<\/li>\n<\/ul>\n<p><b>Martes, 5 de agosto<\/b><\/p>\n<ul>\n<li>12:00 horas: Obradoiro infantil de maxia e globofexia da man de 2 Minds Combined. CSC de Zas. (Con inscrici\u00f3n previa).<\/li>\n<li>12:00 horas: Presentaci\u00f3n do certame 2025 dos Premios Fouci\u00f1os que ter\u00e1 lugar no Sal\u00f3n de Plenos do Concello de Zas.<\/li>\n<li>17:00 horas: Obradoiro infantil de coci\u00f1a saudable con ComeBen. CSC de Zas. (Con inscrici\u00f3n previa).<\/li>\n<li>19:00 horas: Contabeb\u00e9s \u201cTralar\u00e1\u201d con Marta Ortiz dirixido a nenos e nenas de entre 0 e 3 anos. CSC de Zas.<\/li>\n<li>20:30 horas: Espazo Fouci\u00f1o coa proxecci\u00f3n das curtas ga\u00f1adoras na edici\u00f3n do 2024. CSC de Zas.<span class=\"Apple-converted-space\">\u00a0<\/span><\/li>\n<li>22:00 horas: Concerto no Campo do R\u00edo con Abril Tr\u00edo.<\/li>\n<\/ul>\n<p><b>M\u00e9rcores, 6 de agosto<\/b><\/p>\n<ul>\n<li>12:00 horas: Obradoiro infantil de Danza Urbana con Noa Mart\u00ednez, de Punto Cero. CSC de Zas. (Con inscrici\u00f3n previa).<\/li>\n<li>17:00 horas: Obradoiro infantil \u201cPuntadas divertidas\u201d, con Ana Trasariz. CSC de Zas. (Con inscrici\u00f3n previa).<\/li>\n<li>19:00 horas: Proxecci\u00f3n do documental \u201cL\u00e9vame a idea\u201d coa intervenci\u00f3n da regueifeira Lupe Blanco. CSC de Zas.<\/li>\n<li>21:00 horas: Mon\u00f3logo no CSC de Zas con Leti da Taberna que leva por t\u00edtulo \u201cEnredada\u201d.<span class=\"Apple-converted-space\">\u00a0<\/span><\/li>\n<\/ul>\n<p><b>Xoves, 7 de agosto<\/b><\/p>\n<ul>\n<li>12:00 horas: Espect\u00e1culo infantil no CSC de Zas con Malasombra Teatro; \u201cAs peripecias de Xurxo\u201d.<\/li>\n<li>17:00 horas: Obradoiro infantil de coci\u00f1a ComeBen (Con inscrici\u00f3n previa).<\/li>\n<li>18:00 horas: Obradoiro para adultos \u201cArte en Cera\u201d, con A Mesa Coqueta. (Con inscrici\u00f3n previa).<\/li>\n<li>19:00 horas: \u201cA pandeireta no tempo\u201d. Encontro interxeracional no CSC de Zas cun faladoiro coas Padereteiras do Couto e Eloy Blanco.<\/li>\n<li>20:30 horas: Actuaci\u00f3n de Tet\u00e9 Teato no CSC de Zas.<\/li>\n<li>21:00 horas: Actuaci\u00f3n das pandereteiras \u201cAs Xavi\u00f1anas\u201d no CSC de Zas.<\/li>\n<\/ul>\n<p><b>Venres, 8 de agosto<\/b><\/p>\n<ul>\n<li>12:00 horas: Obradoiro infantil de Danza Urbana con Noa Mart\u00ednez, de Punto Cero. CSC de Zas. (Con inscrici\u00f3n previa).<\/li>\n<li>18:30 horas: Obradoiro para adultos \u201cArte en cera\u201d, con A Mesa Coqueta. (Con inscrici\u00f3n previa).<\/li>\n<\/ul>\n<p><b>Exposici\u00f3ns e inscricici\u00f3ns<\/b><\/p>\n<p>Ademais de toda a programaci\u00f3n durante toda a semana teremos estas d\u00faas exposici\u00f3ns no Centro Sociocultural de Zas que se poder\u00e1 ver das 17.00 \u00e1s 20:00 horas:<\/p>\n<ul>\n<li>Restauraci\u00f3n de mobles e bordado cos traballos realizados polo alumnado dos cursos municipiais.<\/li>\n<li>\u201c40 anos de Carballeira\u201d.<\/li>\n<\/ul>\n<p>Durante toda a Semana Cultural estar\u00e1n expostos na Praza do Concello os cartazes de todas as edici\u00f3ns da Festa da Carballeira.<\/p>\n<p>Todas as persoas interesadas en participar nalgunha das actividades que require inscrici\u00f3n previa xa pode anotarse chamando a calquera destes n\u00fameros de tel\u00e9fono: 981 751 398 \/ 981 718 056.<\/p>\n","protected":false},"excerpt":{"rendered":"<p>Xa case est\u00e1 aqu\u00ed a Semana Cultural de Zas<\/p>\n","protected":false},"author":5,"featured_media":20091,"comment_status":"open","ping_status":"closed","sticky":false,"template":"","format":"standard","meta":{"slim_seo":{"title":"Xa case est\u00e1 aqu\u00ed a Semana Cultural de Zas - Concello de Zas","description":"Xa case est\u00e1 aqu\u00ed a Semana Cultural de Zas"},"footnotes":""},"categories":[413],"tags":[],"class_list":["post-20088","post","type-post","status-publish","format-standard","has-post-thumbnail","hentry","category-cultura-e-deportes"],"_links":{"self":[{"href":"https:\/\/concellodezas.gal\/es\/wp-json\/wp\/v2\/posts\/20088","targetHints":{"allow":["GET"]}}],"collection":[{"href":"https:\/\/concellodezas.gal\/es\/wp-json\/wp\/v2\/posts"}],"about":[{"href":"https:\/\/concellodezas.gal\/es\/wp-json\/wp\/v2\/types\/post"}],"author":[{"embeddable":true,"href":"https:\/\/concellodezas.gal\/es\/wp-json\/wp\/v2\/users\/5"}],"replies":[{"embeddable":true,"href":"https:\/\/concellodezas.gal\/es\/wp-json\/wp\/v2\/comments?post=20088"}],"version-history":[{"count":1,"href":"https:\/\/concellodezas.gal\/es\/wp-json\/wp\/v2\/posts\/20088\/revisions"}],"predecessor-version":[{"id":28981,"href":"https:\/\/concellodezas.gal\/es\/wp-json\/wp\/v2\/posts\/20088\/revisions\/28981"}],"wp:featuredmedia":[{"embeddable":true,"href":"https:\/\/concellodezas.gal\/es\/wp-json\/wp\/v2\/media\/20091"}],"wp:attachment":[{"href":"https:\/\/concellodezas.gal\/es\/wp-json\/wp\/v2\/media?parent=20088"}],"wp:term":[{"taxonomy":"category","embeddable":true,"href":"https:\/\/concellodezas.gal\/es\/wp-json\/wp\/v2\/categories?post=20088"},{"taxonomy":"post_tag","embeddable":true,"href":"https:\/\/concellodezas.gal\/es\/wp-json\/wp\/v2\/tags?post=20088"}],"curies":[{"name":"wp","href":"https:\/\/api.w.org\/{rel}","templated":true}]}}