{"id":20072,"date":"2025-07-08T16:19:25","date_gmt":"2025-07-08T14:19:25","guid":{"rendered":"https:\/\/concellodezas.org\/?p=20072"},"modified":"2025-12-22T16:47:11","modified_gmt":"2025-12-22T15:47:11","slug":"este-sabado-arranca-o-programa-de-andainas-zas-a-paso-lento","status":"publish","type":"post","link":"https:\/\/concellodezas.gal\/es\/este-sabado-arranca-o-programa-de-andainas-zas-a-paso-lento\/","title":{"rendered":"Este s\u00e1bado arranca o programa de andainas \u201cZas, a paso lento\u201d"},"content":{"rendered":"<p>Este s\u00e1bado, d\u00eda 12, ponse en marcha o <b>programa de andainas \u201cZas, a paso lento\u201d<\/b> inclu\u00eddo dentro da <a href=\"https:\/\/concellodezas.gal\/este-sabado-comeza-a-completa-programacion-do-veran-en-zas-cunha-gran-festa-infantil\/\">programaci\u00f3n \u201cVer\u00e1n en Zas\u201d<\/a> organizada polo Concello de Zas.<\/p>\n<p>O punto de encontro ser\u00e1 \u00e1s 10:00 horas na Praza do Concello e dende al\u00ed as persoas participantes realizar\u00e1n unha <b>ruta circular \u201cAo son do r\u00edo de Zas\u201d<\/b>. Son uns nove quil\u00f3metros de andaina de dificultade baixa para atravesar as diferentes carballeiras situadas \u00e1 beira do r\u00edo de Zas ata chegar a San Marti\u00f1o de Meanos. Unha vez al\u00ed, e tras un breve descanso, regresarase de volta \u00e1 Praza do Concello.<\/p>\n<p>Para participar \u00e9 necesario anotarse previamente a trav\u00e9s dos n\u00fameros de tel\u00e9fono 981 75 13 98 ou 981 71 80 56 ou no formulario https:\/\/bit.ly\/andainas25. As inscrici\u00f3ns son de balde.<\/p>\n<p>As andainas contin\u00faan o 19 de xullo (Brandomil) e o 1 de agosto (Baio).<\/p>\n","protected":false},"excerpt":{"rendered":"<p>A sa\u00edda \u00e9 as 10:00 horas da Praza do Concello e para participar \u00e9 necesario anotarse previamente<\/p>\n","protected":false},"author":5,"featured_media":20073,"comment_status":"open","ping_status":"closed","sticky":false,"template":"","format":"standard","meta":{"slim_seo":{"title":"Este s\u00e1bado arranca o programa de andainas \u201cZas, a paso lento\u201d - Concello de Zas","description":"A sa\u00edda \u00e9 as 10:00 horas da Praza do Concello e para participar \u00e9 necesario anotarse previamente"},"footnotes":""},"categories":[415],"tags":[],"class_list":["post-20072","post","type-post","status-publish","format-standard","has-post-thumbnail","hentry","category-turismo"],"_links":{"self":[{"href":"https:\/\/concellodezas.gal\/es\/wp-json\/wp\/v2\/posts\/20072","targetHints":{"allow":["GET"]}}],"collection":[{"href":"https:\/\/concellodezas.gal\/es\/wp-json\/wp\/v2\/posts"}],"about":[{"href":"https:\/\/concellodezas.gal\/es\/wp-json\/wp\/v2\/types\/post"}],"author":[{"embeddable":true,"href":"https:\/\/concellodezas.gal\/es\/wp-json\/wp\/v2\/users\/5"}],"replies":[{"embeddable":true,"href":"https:\/\/concellodezas.gal\/es\/wp-json\/wp\/v2\/comments?post=20072"}],"version-history":[{"count":1,"href":"https:\/\/concellodezas.gal\/es\/wp-json\/wp\/v2\/posts\/20072\/revisions"}],"predecessor-version":[{"id":28982,"href":"https:\/\/concellodezas.gal\/es\/wp-json\/wp\/v2\/posts\/20072\/revisions\/28982"}],"wp:featuredmedia":[{"embeddable":true,"href":"https:\/\/concellodezas.gal\/es\/wp-json\/wp\/v2\/media\/20073"}],"wp:attachment":[{"href":"https:\/\/concellodezas.gal\/es\/wp-json\/wp\/v2\/media?parent=20072"}],"wp:term":[{"taxonomy":"category","embeddable":true,"href":"https:\/\/concellodezas.gal\/es\/wp-json\/wp\/v2\/categories?post=20072"},{"taxonomy":"post_tag","embeddable":true,"href":"https:\/\/concellodezas.gal\/es\/wp-json\/wp\/v2\/tags?post=20072"}],"curies":[{"name":"wp","href":"https:\/\/api.w.org\/{rel}","templated":true}]}}