{"id":20046,"date":"2025-06-26T22:58:47","date_gmt":"2025-06-26T20:58:47","guid":{"rendered":"https:\/\/concellodezas.org\/?p=20046"},"modified":"2025-12-22T16:47:11","modified_gmt":"2025-12-22T15:47:11","slug":"este-domingo-comeza-a-campana-de-veran-nas-piscinas-municipais","status":"publish","type":"post","link":"https:\/\/concellodezas.gal\/es\/este-domingo-comeza-a-campana-de-veran-nas-piscinas-municipais\/","title":{"rendered":"Este domingo comeza a campa\u00f1a de ver\u00e1n nas piscinas municipais"},"content":{"rendered":"<p>Despois da s\u00faa posta a punto, este domingo abrir\u00e1n as s\u00faas portas ao p\u00fablico as piscinas municipais.<\/p>\n<p>Todas aquelas persoas que desexen facer uso das instalaci\u00f3ns durante todo ver\u00e1n poder\u00e1n facer o seu carn\u00e9 de usuario\/a no Rexistro do Concello de Zas. O custe da inscrici\u00f3n para toda a tempada \u00e9 de 9 euros para a rapazada de ata 14 anos e de 12 euros para os maiores de 14 anos. Tam\u00e9n est\u00e1 aberto o prazo de renovaci\u00f3n dos carn\u00e9s expedidos en anos anteriores. Calquera destes tr\u00e1mites d\u00e9bense de realizar no Rexistro do Concello de Zas, en horario de luns a venres de 09:00 a 13:00 horas.<span class=\"Apple-converted-space\">\u00a0<\/span><\/p>\n<p>Todas aquelas persoas que non dispo\u00f1an do carn\u00e9 da piscina poden facer igualmente uso das instalaci\u00f3ns pagando a entrada diaria que ten un custo de 0,60\u20ac.<span class=\"Apple-converted-space\">\u00a0<\/span><\/p>\n<p>Na p\u00e1xina web do Concello de Zas e nas redes sociais municipais poderase consultar o calendario de apertura das d\u00faas piscinas municipais.<span class=\"Apple-converted-space\">\u00a0<\/span><\/p>\n<p><b>Cursos de nataci\u00f3n<\/b><\/p>\n<p>Ao igual que nos anos anteriores, durante os meses de xullo e agosto ofertaremos cursos de nataci\u00f3n gratu\u00edtos para todas as idades. P\u00f3dese ampliar informaci\u00f3n ao respecto na Casa do Concello ou a trav\u00e9s do n\u00famero de tel\u00e9fono 981 708 303.<\/p>\n","protected":false},"excerpt":{"rendered":"<p>As persoas interesadas en facer uso das instalaci\u00f3ns durante todo o ver\u00e1n deber\u00e1n facer o seu carn\u00e9 no Rexistro do Concello de Zas<\/p>\n","protected":false},"author":5,"featured_media":5675,"comment_status":"open","ping_status":"closed","sticky":false,"template":"","format":"standard","meta":{"slim_seo":{"title":"Este domingo comeza a campa\u00f1a de ver\u00e1n nas piscinas municipais - Concello de Zas","description":"As persoas interesadas en facer uso das instalaci\u00f3ns durante todo o ver\u00e1n deber\u00e1n facer o seu carn\u00e9 no Rexistro do Concello de Zas"},"footnotes":""},"categories":[413],"tags":[],"class_list":["post-20046","post","type-post","status-publish","format-standard","has-post-thumbnail","hentry","category-cultura-e-deportes"],"_links":{"self":[{"href":"https:\/\/concellodezas.gal\/es\/wp-json\/wp\/v2\/posts\/20046","targetHints":{"allow":["GET"]}}],"collection":[{"href":"https:\/\/concellodezas.gal\/es\/wp-json\/wp\/v2\/posts"}],"about":[{"href":"https:\/\/concellodezas.gal\/es\/wp-json\/wp\/v2\/types\/post"}],"author":[{"embeddable":true,"href":"https:\/\/concellodezas.gal\/es\/wp-json\/wp\/v2\/users\/5"}],"replies":[{"embeddable":true,"href":"https:\/\/concellodezas.gal\/es\/wp-json\/wp\/v2\/comments?post=20046"}],"version-history":[{"count":1,"href":"https:\/\/concellodezas.gal\/es\/wp-json\/wp\/v2\/posts\/20046\/revisions"}],"predecessor-version":[{"id":28984,"href":"https:\/\/concellodezas.gal\/es\/wp-json\/wp\/v2\/posts\/20046\/revisions\/28984"}],"wp:featuredmedia":[{"embeddable":true,"href":"https:\/\/concellodezas.gal\/es\/wp-json\/wp\/v2\/media\/5675"}],"wp:attachment":[{"href":"https:\/\/concellodezas.gal\/es\/wp-json\/wp\/v2\/media?parent=20046"}],"wp:term":[{"taxonomy":"category","embeddable":true,"href":"https:\/\/concellodezas.gal\/es\/wp-json\/wp\/v2\/categories?post=20046"},{"taxonomy":"post_tag","embeddable":true,"href":"https:\/\/concellodezas.gal\/es\/wp-json\/wp\/v2\/tags?post=20046"}],"curies":[{"name":"wp","href":"https:\/\/api.w.org\/{rel}","templated":true}]}}