{"id":19976,"date":"2025-06-08T09:48:40","date_gmt":"2025-06-08T07:48:40","guid":{"rendered":"https:\/\/concellodezas.org\/?p=19976"},"modified":"2025-12-22T16:47:11","modified_gmt":"2025-12-22T15:47:11","slug":"o-concello-de-zas-celebra-o-dia-dos-oceanos-promovendo-o-surf-entre-a-rapazada","status":"publish","type":"post","link":"https:\/\/concellodezas.gal\/es\/o-concello-de-zas-celebra-o-dia-dos-oceanos-promovendo-o-surf-entre-a-rapazada\/","title":{"rendered":"O Concello de Zas celebra o d\u00eda dos oceanos promovendo o surf entre a rapazada"},"content":{"rendered":"<p>Por quinta tempada consecutiva os escolares da Provincia da Coru\u00f1a participan no <b>proxecto deportivo-educativo \u201cAprende a trav\u00e9s do Surfing\u201d<\/b>, desenvolto pola asociaci\u00f3n medioambiental sen \u00e1nimo de lucro <b>Surf and Clean<\/b> en parcer\u00eda coa Federaci\u00f3n Galega de Surf e que conta co apoio da Deputaci\u00f3n da Coru\u00f1a, a Xunta de Galicia (Xogade), Ecovidrio, MSC Pesca Sostible e tam\u00e9n dos concellos onde se realizan as actividades.<\/p>\n<p>Dende o Concello de Zas, xunto con outros municipios da pronvincia, apostamos por preservar o mar dende a educaci\u00f3n dos nosos estudiantes. Estes son os concellos que formamos parte deste proxecto: A Laracha, Carballo, Malpica de Berganti\u00f1os, Santa Comba, Vimianzo, Zas, Camari\u00f1as, Mux\u00eda, Fisterra e Valdovi\u00f1o sumando entre todos m\u00e1is dous milleiros de escolares da nosa provincia.<\/p>\n<p>Escolares dende infantil a bacheralato, que \u00f3 participar neste proxecto aprenden a relacionarse mellor con elas e eles mesmos, coa dem\u00e1is rapazada e o m\u00e1is importante: coa s\u00faa contorna.\u00a0Precisamente un dos obxectivos clave do programa \u00e9 fortalecer o noso v\u00ednculo co mar, como persoas que habitamos na comunidade aut\u00f3noma con m\u00e1is kilometros de costa e que custodiamos un para\u00edso natural de ondas e praias salvaxes a\u00ednda preservadas.<\/p>\n<p>Nelas o alumnado pecha os ollos e escoita, ule e sinte a mar. Nelas \u00e9 m\u00e1is sinxelo decatarse que a praia \u00e9 un lugar antigo, din\u00e1mico e que partillamos con outros seres vivos, como os arroaces, as p\u00edllaras ou os bosques de laminarias. Un entorno a preservar.<\/p>\n<p>Por iso dende abril m\u00e1is de 2.300 escolares procedentes de 42 centros educativos pertencentes a 20 municipios da nosa provincia, apa\u00f1an refugallo das nosas praias e aprenden a conectar e coidar o mar a trav\u00e9s do surfing. Elas e eles son o noso futuro e xuntos, hoxe, celebramos ter unhas costas e un oc\u00e9ano a\u00ednda cheos de vida.<\/p>\n<p><b>Que \u00e9 \u201cAprende a trav\u00e9s do surfing en Galicia\u201d?<\/b><\/p>\n<p>\u201cAprende a trav\u00e9s do surfing \u00e9 unha comunidade conformada por unha asociaci\u00f3n sin \u00e1nimo de lucro nomeada Surf and Clean a Federaci\u00f3n Galega de surf, 11 escolas de surf habilitadas para impartir o proxecto: Cai\u00f3n Surf House, Boaola Surf Escola, Art Surfcamp, Paua Surf, One Surf Academy, Ubuntulife, Surf Costa da Morte, Narea Surf Escola, Asolas no puntal, Zorlak surf escola e Valdo surf school, 42 centros educativos e 10 concellos da provincia da Coru\u00f1a: A Laracha, Carballo, Malpica de Berganti\u00f1os, Santa Comba, Vimianzo, Zas, Camari\u00f1as, Mux\u00eda, Fisterra e Valdovi\u00f1o.<\/p>\n<p>\u201cAprende a trav\u00e9s do surfing\u201d a nivel nacional desenvolvese tam\u00e9n en: Andaluc\u00eda, Illa de Menorca, Asturias e Castell\u00f3n. Surf and Clean \u00e9 unha asociaci\u00f3n nacional, con sede en Galicia, que busca visibilizar o problema que xera o lixo na mar e formar axentes de cambio que a trav\u00e9s da cultura do surf axuden a mellorar e preservar a s\u00faa sa\u00fade.<\/p>\n<p>M\u00e1is informaci\u00f3n en \u00a0<a href=\"http:\/\/www.aprendeatravesdelsurfing.com\">www.aprendeatravesdelsurfing.com<\/a> ou nas s\u00faas redes sociais @aprendesurfing (instagram), @aprendeatravesdelsurfing (facebook).<\/p>\n","protected":false},"excerpt":{"rendered":"<p>Xunto con outros municipios da zona participamos no proxecto deportivo-educativo \u201cAprende a trav\u00e9s do Surfing\u201d<\/p>\n","protected":false},"author":5,"featured_media":19977,"comment_status":"open","ping_status":"closed","sticky":false,"template":"","format":"standard","meta":{"slim_seo":{"title":"O Concello de Zas celebra o d\u00eda dos oceanos promovendo o surf entre a rapazada - Concello de Zas","description":"Xunto con outros municipios da zona participamos no proxecto deportivo-educativo \u201cAprende a trav\u00e9s do Surfing\u201d"},"footnotes":""},"categories":[413],"tags":[],"class_list":["post-19976","post","type-post","status-publish","format-standard","has-post-thumbnail","hentry","category-cultura-e-deportes"],"_links":{"self":[{"href":"https:\/\/concellodezas.gal\/es\/wp-json\/wp\/v2\/posts\/19976","targetHints":{"allow":["GET"]}}],"collection":[{"href":"https:\/\/concellodezas.gal\/es\/wp-json\/wp\/v2\/posts"}],"about":[{"href":"https:\/\/concellodezas.gal\/es\/wp-json\/wp\/v2\/types\/post"}],"author":[{"embeddable":true,"href":"https:\/\/concellodezas.gal\/es\/wp-json\/wp\/v2\/users\/5"}],"replies":[{"embeddable":true,"href":"https:\/\/concellodezas.gal\/es\/wp-json\/wp\/v2\/comments?post=19976"}],"version-history":[{"count":1,"href":"https:\/\/concellodezas.gal\/es\/wp-json\/wp\/v2\/posts\/19976\/revisions"}],"predecessor-version":[{"id":28993,"href":"https:\/\/concellodezas.gal\/es\/wp-json\/wp\/v2\/posts\/19976\/revisions\/28993"}],"wp:featuredmedia":[{"embeddable":true,"href":"https:\/\/concellodezas.gal\/es\/wp-json\/wp\/v2\/media\/19977"}],"wp:attachment":[{"href":"https:\/\/concellodezas.gal\/es\/wp-json\/wp\/v2\/media?parent=19976"}],"wp:term":[{"taxonomy":"category","embeddable":true,"href":"https:\/\/concellodezas.gal\/es\/wp-json\/wp\/v2\/categories?post=19976"},{"taxonomy":"post_tag","embeddable":true,"href":"https:\/\/concellodezas.gal\/es\/wp-json\/wp\/v2\/tags?post=19976"}],"curies":[{"name":"wp","href":"https:\/\/api.w.org\/{rel}","templated":true}]}}