{"id":19972,"date":"2025-06-07T06:33:28","date_gmt":"2025-06-07T04:33:28","guid":{"rendered":"https:\/\/concellodezas.org\/?p=19972"},"modified":"2025-12-22T16:47:12","modified_gmt":"2025-12-22T15:47:12","slug":"hoxe-celebramos-a-x-carreira-pedestre-concello-de-zas-na-que-estan-inscritas-cerca-de-900-persoas","status":"publish","type":"post","link":"https:\/\/concellodezas.gal\/es\/hoxe-celebramos-a-x-carreira-pedestre-concello-de-zas-na-que-estan-inscritas-cerca-de-900-persoas\/","title":{"rendered":"Hoxe celebramos a X Carreira Pedestre Concello de Zas na que est\u00e1n inscritas cerca de 900 persoas"},"content":{"rendered":"<p>Un total de 869 persoas fixeron a s\u00faa inscrici\u00f3n para a X<b> Carreira Pedestre Concello de Zas<\/b>, inclu\u00edda no Circuito Correndo Pola Costa da Morte que se disputa ma\u00f1\u00e1 pola tarde.<span class=\"Apple-converted-space\">\u00a0<\/span><\/p>\n<p>A praza do Concello ser\u00e1 o punto de sa\u00edda e de chegada dun dos eventos deportivos m\u00e1is emblem\u00e1ticos do noso municipio. Aqu\u00ed tam\u00e9n se realizar\u00e1 a entrega dos trofeos das diferentes categor\u00edas.<\/p>\n<p>Unha das novidades desta edici\u00f3n son os cambios no percorrido da proba 10K que nesta ocasi\u00f3n discorrer\u00e1 por Andregalla, A Toxa, Art\u00f3n, e Baizana para regresar \u00e1 praza do Concello despois de combinar varios tramos de asfalto e pistas de terra. O \u00faltimo quil\u00f3metro desta proba ser\u00e1 polo paseo fluvial de Zas, \u00e1 beira do r\u00edo. Por este motivo, varias estradas do noso municipio estar\u00e1n cortadas puntualmente ao longo da tarde co fin de que a proba se desenvolva coa maior seguridade posible. Un ano m\u00e1is, dende o Concello de Zas agradecemos a toda a veci\u00f1anza a s\u00faa colaboraci\u00f3n e rogamos que atenda sempre as indicaci\u00f3ns da Polic\u00eda Local e de Protecci\u00f3n Civil. Na seguinte ligaz\u00f3n p\u00f3dese consultar o recorrido de cada unha das probas: <a href=\"https:\/\/racemapp.com\/proyecto\/364-carreira-pedestre-concello-de-zas\">https:\/\/racemapp.com\/proyecto\/364-carreira-pedestre-concello-de-zas<\/a><\/p>\n<p><b>Horarios<\/b><\/p>\n<p>\u00c1s 15:00 horas \u00e1brese a mesa para a recollida de dorsais, que estar\u00e1 instalada na praza<\/p>\n<p>do Concello. Estes son os horarios de sa\u00edda das distintas probas:<span class=\"Apple-converted-space\">\u00a0<\/span><\/p>\n<p>\u2022 17:10 horas: Sub 10<\/p>\n<p>\u2022 17:25 horas: Sub 12<\/p>\n<p>\u2022<span class=\"Apple-converted-space\">\u00a0 <\/span>18:00 horas: 3K Contra o Cancro<\/p>\n<p>\u2022 18:02 horas: Sub 14-16-18<\/p>\n<p>\u2022 18:45 horas: 10K<\/p>\n<p>\u2022 20:00 horas: pitufos<\/p>\n<p>A X Carreira Pedestre do Concello de Zas est\u00e1 inclu\u00edda na 11\u00aa edici\u00f3n do Circuito<\/p>\n<p>Correndo pola Costa da Morte na que participan dez municipios da zona.<\/p>\n","protected":false},"excerpt":{"rendered":"<p>Con motivo do desenvolvemento da carreira algunhas estradas estar\u00e1n cortadas ao tr\u00e1fico de forma puntual<\/p>\n","protected":false},"author":5,"featured_media":19973,"comment_status":"open","ping_status":"closed","sticky":false,"template":"","format":"standard","meta":{"slim_seo":{"title":"Hoxe celebramos a X Carreira Pedestre Concello de Zas na que est\u00e1n inscritas cerca de 900 persoas - Concello de Zas","description":"Con motivo do desenvolvemento da carreira algunhas estradas estar\u00e1n cortadas ao tr\u00e1fico de forma puntual"},"footnotes":""},"categories":[413],"tags":[],"class_list":["post-19972","post","type-post","status-publish","format-standard","has-post-thumbnail","hentry","category-cultura-e-deportes"],"_links":{"self":[{"href":"https:\/\/concellodezas.gal\/es\/wp-json\/wp\/v2\/posts\/19972","targetHints":{"allow":["GET"]}}],"collection":[{"href":"https:\/\/concellodezas.gal\/es\/wp-json\/wp\/v2\/posts"}],"about":[{"href":"https:\/\/concellodezas.gal\/es\/wp-json\/wp\/v2\/types\/post"}],"author":[{"embeddable":true,"href":"https:\/\/concellodezas.gal\/es\/wp-json\/wp\/v2\/users\/5"}],"replies":[{"embeddable":true,"href":"https:\/\/concellodezas.gal\/es\/wp-json\/wp\/v2\/comments?post=19972"}],"version-history":[{"count":1,"href":"https:\/\/concellodezas.gal\/es\/wp-json\/wp\/v2\/posts\/19972\/revisions"}],"predecessor-version":[{"id":28994,"href":"https:\/\/concellodezas.gal\/es\/wp-json\/wp\/v2\/posts\/19972\/revisions\/28994"}],"wp:featuredmedia":[{"embeddable":true,"href":"https:\/\/concellodezas.gal\/es\/wp-json\/wp\/v2\/media\/19973"}],"wp:attachment":[{"href":"https:\/\/concellodezas.gal\/es\/wp-json\/wp\/v2\/media?parent=19972"}],"wp:term":[{"taxonomy":"category","embeddable":true,"href":"https:\/\/concellodezas.gal\/es\/wp-json\/wp\/v2\/categories?post=19972"},{"taxonomy":"post_tag","embeddable":true,"href":"https:\/\/concellodezas.gal\/es\/wp-json\/wp\/v2\/tags?post=19972"}],"curies":[{"name":"wp","href":"https:\/\/api.w.org\/{rel}","templated":true}]}}